{"id":43027,"date":"2022-04-27T10:00:05","date_gmt":"2022-04-27T13:00:05","guid":{"rendered":"https:\/\/sectorprensa.com.ar\/?p=43027"},"modified":"2022-04-26T13:04:02","modified_gmt":"2022-04-26T16:04:02","slug":"el-municipio-de-moreno-lanzo-un-spot-sobre-el-maltrato-infantil","status":"publish","type":"post","link":"https:\/\/sectorprensa.com.ar\/?p=43027","title":{"rendered":"EL MUNICIPIO DE MORENO LANZ\u00d3 UN SPOT SOBRE EL MALTRATO INFANTIL"},"content":{"rendered":"<h6><strong>Es con el objetivo de concientizar y reflexionar sobre las violencias de las ni\u00f1as y los ni\u00f1os y la importancia de cuidar de las infancias.<\/strong><\/h6>\n<p><!--more--><\/p>\n<p>Por el D\u00eda Internacional contra el Maltrato Infantil el Municipio de Moreno realiz\u00f3 un spot que promueve concientizar y reflexionar sobre las violencias en las ni\u00f1as y los ni\u00f1os y la importancia de cuidar las infancias, que es responsabilidad de todas y todos.<\/p>\n<blockquote class=\"twitter-tweet\" data-width=\"550\" data-dnt=\"true\">\n<p lang=\"es\" dir=\"ltr\">\u270b? D\u00cdA INTERNACIONAL DE LA LUCHA CONTRA EL MALTRATO INFANTIL<\/p>\n<p>Hoy es un d\u00eda para visibilizar las violencias en las ni\u00f1as y los ni\u00f1os y recordar la importancia de cuidar las infancias, que es responsabilidad de todas y todos. <a href=\"https:\/\/t.co\/YPeb1qumV6\">pic.twitter.com\/YPeb1qumV6<\/a><\/p>\n<p>&mdash; Moreno (@MorenoMunicip) <a href=\"https:\/\/twitter.com\/MorenoMunicip\/status\/1518574881436278784?ref_src=twsrc%5Etfw\">April 25, 2022<\/a><\/p><\/blockquote>\n<p><script async src=\"https:\/\/platform.twitter.com\/widgets.js\" charset=\"utf-8\"><\/script><\/p>\n<p>En Argentina desde el a\u00f1o 2013 cada 25 de abril se conmemora el D\u00eda Internacional contra el Maltrato Infantil con el objetivo de fomentar los derechos de las ni\u00f1as y ni\u00f1os a nivel mundial y generar conciencia en la sociedad sobre las consecuencias del maltrato contra ni\u00f1os y ni\u00f1as. Adem\u00e1s en nuestro pa\u00eds el Buen Trato como un derecho fundamental de las ni\u00f1as y ni\u00f1os, este derecho comprende una crianza y una educaci\u00f3n no violenta, basada en el amor, el afecto, la comprensi\u00f3n mutua, el respeto rec\u00edproco y la solidaridad.<\/p>\n<blockquote class=\"wp-embedded-content\" data-secret=\"8kRroXwKuJ\"><p><a href=\"https:\/\/sectorprensa.com.ar\/comenzo-la-obra-en-la-escuela-primaria-n83-de-altos-de-la-reja\/\">COMENZ\u00d3 LA OBRA EN LA ESCUELA PRIMARIA N\u00b083 DE ALTOS DE LA REJA<\/a><\/p><\/blockquote>\n<p><iframe loading=\"lazy\" class=\"wp-embedded-content\" sandbox=\"allow-scripts\" security=\"restricted\" style=\"position: absolute; clip: rect(1px, 1px, 1px, 1px);\" title=\"&#8220;COMENZ\u00d3 LA OBRA EN LA ESCUELA PRIMARIA N\u00b083 DE ALTOS DE LA REJA&#8221; &#8212; SECTOR PRENSA\" src=\"https:\/\/sectorprensa.com.ar\/comenzo-la-obra-en-la-escuela-primaria-n83-de-altos-de-la-reja\/embed\/#?secret=8kRroXwKuJ\" data-secret=\"8kRroXwKuJ\" width=\"600\" height=\"338\" frameborder=\"0\" marginwidth=\"0\" marginheight=\"0\" scrolling=\"no\"><\/iframe><\/p>\n<div>La pieza audiovisual realizada desde el Municipio de Moreno por la Subsecretar\u00eda de Comunicaci\u00f3n P\u00fablica a cargo de Vicente Linares busca concientizar y reflexionar sobre las violencias en las ni\u00f1as y los ni\u00f1os. En el spot pueden verse como las conductas de un ni\u00f1o se ven afectadas a partir de las expresiones verbales de adultos. En esas expresiones aparece el desprecio, la falta de empat\u00eda, de autoestima y de respeto a las ni\u00f1as y ni\u00f1os. El spot concluye con un mensaje de conciencia: El maltrato y la violencia infantil no son un juego, marcan para toda la vida. Tratemos bien a nuestros chicos y chicas. Su futuro depende de nosotros.<\/div>\n<div><\/div>\n","protected":false},"excerpt":{"rendered":"<p>Es con el objetivo de concientizar y reflexionar sobre las violencias de las ni\u00f1as y los ni\u00f1os y la importancia<\/p>\n","protected":false},"author":1,"featured_media":43028,"comment_status":"closed","ping_status":"open","sticky":false,"template":"","format":"video","meta":{"colormag_page_container_layout":"default_layout","colormag_page_sidebar_layout":"default_layout","footnotes":""},"categories":[17,2154,1173,10],"tags":[1384,437,5078],"class_list":["post-43027","post","type-post","status-publish","format-video","has-post-thumbnail","hentry","category-destacadas","category-moreno","category-municipales","category-sociedad","tag-maltrato-infantil","tag-moreno","tag-spot","post_format-post-format-video"],"_links":{"self":[{"href":"https:\/\/sectorprensa.com.ar\/index.php?rest_route=\/wp\/v2\/posts\/43027","targetHints":{"allow":["GET"]}}],"collection":[{"href":"https:\/\/sectorprensa.com.ar\/index.php?rest_route=\/wp\/v2\/posts"}],"about":[{"href":"https:\/\/sectorprensa.com.ar\/index.php?rest_route=\/wp\/v2\/types\/post"}],"author":[{"embeddable":true,"href":"https:\/\/sectorprensa.com.ar\/index.php?rest_route=\/wp\/v2\/users\/1"}],"replies":[{"embeddable":true,"href":"https:\/\/sectorprensa.com.ar\/index.php?rest_route=%2Fwp%2Fv2%2Fcomments&post=43027"}],"version-history":[{"count":1,"href":"https:\/\/sectorprensa.com.ar\/index.php?rest_route=\/wp\/v2\/posts\/43027\/revisions"}],"predecessor-version":[{"id":43029,"href":"https:\/\/sectorprensa.com.ar\/index.php?rest_route=\/wp\/v2\/posts\/43027\/revisions\/43029"}],"wp:featuredmedia":[{"embeddable":true,"href":"https:\/\/sectorprensa.com.ar\/index.php?rest_route=\/wp\/v2\/media\/43028"}],"wp:attachment":[{"href":"https:\/\/sectorprensa.com.ar\/index.php?rest_route=%2Fwp%2Fv2%2Fmedia&parent=43027"}],"wp:term":[{"taxonomy":"category","embeddable":true,"href":"https:\/\/sectorprensa.com.ar\/index.php?rest_route=%2Fwp%2Fv2%2Fcategories&post=43027"},{"taxonomy":"post_tag","embeddable":true,"href":"https:\/\/sectorprensa.com.ar\/index.php?rest_route=%2Fwp%2Fv2%2Ftags&post=43027"}],"curies":[{"name":"wp","href":"https:\/\/api.w.org\/{rel}","templated":true}]}}