{"id":43120,"date":"2022-04-27T15:06:16","date_gmt":"2022-04-27T18:06:16","guid":{"rendered":"https:\/\/sectorprensa.com.ar\/?p=43120"},"modified":"2022-04-27T15:06:16","modified_gmt":"2022-04-27T18:06:16","slug":"aubasa-levanto-barreras-por-paro-indeterminado","status":"publish","type":"post","link":"https:\/\/sectorprensa.com.ar\/?p=43120","title":{"rendered":"AUBASA LEVANT\u00d3 BARRERAS POR PARO INDETERMINADO"},"content":{"rendered":"<h6><strong>La medida de fuerza se lleva adelante en Autopista La Plata y las rutas con destino hacia el partido de la Costa.<\/strong><\/h6>\n<p><!--more--><\/p>\n<p>El personal de AUBASA, que lleva desde agosto del a\u00f1o pasado buscando respuestas a sus reclamos, decidi\u00f3 levantar las barreras de peajes del acceso y corredor atl\u00e1ntico por un paro indeterminado.<\/p>\n<p>Los trabajadores del Sindicato \u00danico de Trabajadores de Peaje (SUTPA), denuncian una \u00abpersecuci\u00f3n sindical\u00bb debido a que se han suspendido a empleados cuando se realizaba la conciliaci\u00f3n obligatoria que hab\u00eda dictaminado el Ministerio de Trabajo bonaerense.<\/p>\n<p>Vale recordar, AUBASA hab\u00eda solicitado que se le aplicara la vacuna anti gripal a su personal, un derecho que consigui\u00f3 hace unos a\u00f1os, pero recibi\u00f3 una respuesta negativa. De modo que ante \u00abesta situaci\u00f3n se dio en uno de los momentos m\u00e1s cr\u00edticos en materia de salud desestimando las sugerencias de la OMS\u00bb, deslizaron.<\/p>\n<p>Desde la firma que administra los peajes en las principales v\u00edas de la Provincia se niegan a realizar el descuento del 3% correspondiente a la cuota sindical del personal jer\u00e1rquico, seg\u00fan lo que estipula el estatuto para el crecimiento de la organizaci\u00f3n que enrola a los trabajadores del sector.<\/p>\n<p>En tanto, desde el \u00e1mbito de trabajadores sindicados en el SUTPA comunicaron que \u00absiguen en funcionamiento m\u00f3viles con m\u00e1s de 500.000 km que deb\u00edan ser reemplazados seg\u00fan el compromiso asumido luego del conflicto del a\u00f1o pasado\u00bb. \u00abLos m\u00f3viles que compraron no fueron carrozados seg\u00fan lo que corresponde\u00bb, confiaron.<\/p>\n<p>Adem\u00e1s, el gremio manifest\u00f3 que AUBASA busca sacar derechos a sus empleados: \u00abAUBASA quiere precarizar a los compa\u00f1eros y compa\u00f1eras del sector de espacios verdes sac\u00e1ndoles derechos e intim\u00e1ndolos con cartas documento por el ejercicio de su leg\u00edtimo derecho a huelga\u00bb.<\/p>\n<blockquote class=\"wp-embedded-content\" data-secret=\"sgKiGU2RJY\"><p><a href=\"https:\/\/sectorprensa.com.ar\/los-peajes-sufrieron-un-aumento-del-264\/\">LOS PEAJES SUFRIERON UN AUMENTO DEL 26,4%<\/a><\/p><\/blockquote>\n<p><iframe loading=\"lazy\" class=\"wp-embedded-content\" sandbox=\"allow-scripts\" security=\"restricted\" style=\"position: absolute; clip: rect(1px, 1px, 1px, 1px);\" title=\"&#8220;LOS PEAJES SUFRIERON UN AUMENTO DEL 26,4%&#8221; &#8212; SECTOR PRENSA\" src=\"https:\/\/sectorprensa.com.ar\/los-peajes-sufrieron-un-aumento-del-264\/embed\/#?secret=sgKiGU2RJY\" data-secret=\"sgKiGU2RJY\" width=\"600\" height=\"338\" frameborder=\"0\" marginwidth=\"0\" marginheight=\"0\" scrolling=\"no\"><\/iframe><\/p>\n","protected":false},"excerpt":{"rendered":"<p>La medida de fuerza se lleva adelante en Autopista La Plata y las rutas con destino hacia el partido de<\/p>\n","protected":false},"author":1,"featured_media":43121,"comment_status":"closed","ping_status":"open","sticky":false,"template":"","format":"standard","meta":{"colormag_page_container_layout":"default_layout","colormag_page_sidebar_layout":"default_layout","footnotes":""},"categories":[17,18],"tags":[6400,774],"class_list":["post-43120","post","type-post","status-publish","format-standard","has-post-thumbnail","hentry","category-destacadas","category-provincia","tag-aubasa","tag-paro"],"_links":{"self":[{"href":"https:\/\/sectorprensa.com.ar\/index.php?rest_route=\/wp\/v2\/posts\/43120","targetHints":{"allow":["GET"]}}],"collection":[{"href":"https:\/\/sectorprensa.com.ar\/index.php?rest_route=\/wp\/v2\/posts"}],"about":[{"href":"https:\/\/sectorprensa.com.ar\/index.php?rest_route=\/wp\/v2\/types\/post"}],"author":[{"embeddable":true,"href":"https:\/\/sectorprensa.com.ar\/index.php?rest_route=\/wp\/v2\/users\/1"}],"replies":[{"embeddable":true,"href":"https:\/\/sectorprensa.com.ar\/index.php?rest_route=%2Fwp%2Fv2%2Fcomments&post=43120"}],"version-history":[{"count":2,"href":"https:\/\/sectorprensa.com.ar\/index.php?rest_route=\/wp\/v2\/posts\/43120\/revisions"}],"predecessor-version":[{"id":43123,"href":"https:\/\/sectorprensa.com.ar\/index.php?rest_route=\/wp\/v2\/posts\/43120\/revisions\/43123"}],"wp:featuredmedia":[{"embeddable":true,"href":"https:\/\/sectorprensa.com.ar\/index.php?rest_route=\/wp\/v2\/media\/43121"}],"wp:attachment":[{"href":"https:\/\/sectorprensa.com.ar\/index.php?rest_route=%2Fwp%2Fv2%2Fmedia&parent=43120"}],"wp:term":[{"taxonomy":"category","embeddable":true,"href":"https:\/\/sectorprensa.com.ar\/index.php?rest_route=%2Fwp%2Fv2%2Fcategories&post=43120"},{"taxonomy":"post_tag","embeddable":true,"href":"https:\/\/sectorprensa.com.ar\/index.php?rest_route=%2Fwp%2Fv2%2Ftags&post=43120"}],"curies":[{"name":"wp","href":"https:\/\/api.w.org\/{rel}","templated":true}]}}