{"id":43295,"date":"2022-05-05T08:00:47","date_gmt":"2022-05-05T11:00:47","guid":{"rendered":"https:\/\/sectorprensa.com.ar\/?p=43295"},"modified":"2022-05-02T20:27:56","modified_gmt":"2022-05-02T23:27:56","slug":"san-isidro-posse-visito-el-paseo-de-las-artes-en-martinez","status":"publish","type":"post","link":"https:\/\/sectorprensa.com.ar\/?p=43295","title":{"rendered":"SAN ISIDRO: POSSE VISIT\u00d3 EL PASEO DE LAS ARTES EN MART\u00cdNEZ"},"content":{"rendered":"<h6>\u201cAqu\u00ed se genera un circuito art\u00edstico en un lugar emblem\u00e1tico que sigue fomentando el arte y el encuentro de la comunidad\u201d, se\u00f1al\u00f3 el intendente.<\/h6>\n<p><!--more--><\/p>\n<p>El intendente de San Isidro, Gustavo Posse, recorri\u00f3 el Paseo de las Artes en Eduardo Costa, entre Alvear y Lamarca (Mart\u00ednez), donde expusieron y pintaron artistas de todo el pa\u00eds y del exterior. Adem\u00e1s, hubo shows musicales de Roc\u00edo Igarz\u00e1bal y el tr\u00edo internacional Tanganelli, Tamanini y Cifrodelli.<\/p>\n<div class=\"row\">\n<div class=\"col-md-1 col-sticky\">\n<div class=\"inner-share-bar cf\">\n<div class=\"item\">\n<p>\u201cLos primeros s\u00e1bados de cada mes son especiales en esta zona. Aqu\u00ed se genera un circuito art\u00edstico en un lugar emblem\u00e1tico que sigue fomentando el arte y el encuentro de la comunidad. Es una propuesta que trajo la pintora y vecina, Alejandra Grayeb, que incorporamos para que los artistas puedan exponer y mostrar sus obras\u201d, se\u00f1al\u00f3 el intendente Gustavo Posse, que recorri\u00f3 el paseo peatonal en Eduardo Costa y dialog\u00f3 con los vecinos y artistas.<\/p>\n<p>La exposici\u00f3n organizada por el municipio ofreci\u00f3 un espacio para que los artistas puedan pintar y generar interacci\u00f3n con los vecinos, acompa\u00f1ados con la m\u00fasica de Roc\u00edo Igarz\u00e1bal, que brind\u00f3 un show con variados estilos desde cl\u00e1sicos, zamba, hasta bolero y cumbia. Tambi\u00e9n se present\u00f3 el tr\u00edo de Brasil, Tanganelli, Tamanini y Cifrodelli, que con sus ritmos pegadizos hicieron bailar a vecinos y visitantes.<\/p>\n<p>Adem\u00e1s, arquitectos realizaron dibujados a mano alzada de la arquitectura del lugar para valorizar el patrimonio del distrito.<\/p>\n<blockquote class=\"wp-embedded-content\" data-secret=\"baFWtvZpfL\"><p><a href=\"https:\/\/sectorprensa.com.ar\/san-isidro-funcionarios-del-municipio-y-concejales-detallaron-las-obras-de-la-plaza-mitre\/\">SAN ISIDRO: FUNCIONARIOS DEL MUNICIPIO Y CONCEJALES DETALLARON LAS OBRAS DE LA PLAZA MITRE<\/a><\/p><\/blockquote>\n<p><iframe loading=\"lazy\" class=\"wp-embedded-content\" sandbox=\"allow-scripts\" security=\"restricted\" style=\"position: absolute; clip: rect(1px, 1px, 1px, 1px);\" title=\"&#8220;SAN ISIDRO: FUNCIONARIOS DEL MUNICIPIO Y CONCEJALES DETALLARON LAS OBRAS DE LA PLAZA MITRE&#8221; &#8212; SECTOR PRENSA\" src=\"https:\/\/sectorprensa.com.ar\/san-isidro-funcionarios-del-municipio-y-concejales-detallaron-las-obras-de-la-plaza-mitre\/embed\/#?secret=baFWtvZpfL\" data-secret=\"baFWtvZpfL\" width=\"600\" height=\"338\" frameborder=\"0\" marginwidth=\"0\" marginheight=\"0\" scrolling=\"no\"><\/iframe><\/p>\n<\/div>\n<\/div>\n<\/div>\n<\/div>\n","protected":false},"excerpt":{"rendered":"<p>\u201cAqu\u00ed se genera un circuito art\u00edstico en un lugar emblem\u00e1tico que sigue fomentando el arte y el encuentro de la<\/p>\n","protected":false},"author":1,"featured_media":43296,"comment_status":"closed","ping_status":"open","sticky":false,"template":"","format":"standard","meta":{"colormag_page_container_layout":"default_layout","colormag_page_sidebar_layout":"default_layout","footnotes":""},"categories":[9,17,1173,10],"tags":[5331,6417,3080],"class_list":["post-43295","post","type-post","status-publish","format-standard","has-post-thumbnail","hentry","category-cultura","category-destacadas","category-municipales","category-sociedad","tag-gustavo-posse","tag-paseo-de-las-artes","tag-san-isidro"],"_links":{"self":[{"href":"https:\/\/sectorprensa.com.ar\/index.php?rest_route=\/wp\/v2\/posts\/43295","targetHints":{"allow":["GET"]}}],"collection":[{"href":"https:\/\/sectorprensa.com.ar\/index.php?rest_route=\/wp\/v2\/posts"}],"about":[{"href":"https:\/\/sectorprensa.com.ar\/index.php?rest_route=\/wp\/v2\/types\/post"}],"author":[{"embeddable":true,"href":"https:\/\/sectorprensa.com.ar\/index.php?rest_route=\/wp\/v2\/users\/1"}],"replies":[{"embeddable":true,"href":"https:\/\/sectorprensa.com.ar\/index.php?rest_route=%2Fwp%2Fv2%2Fcomments&post=43295"}],"version-history":[{"count":1,"href":"https:\/\/sectorprensa.com.ar\/index.php?rest_route=\/wp\/v2\/posts\/43295\/revisions"}],"predecessor-version":[{"id":43297,"href":"https:\/\/sectorprensa.com.ar\/index.php?rest_route=\/wp\/v2\/posts\/43295\/revisions\/43297"}],"wp:featuredmedia":[{"embeddable":true,"href":"https:\/\/sectorprensa.com.ar\/index.php?rest_route=\/wp\/v2\/media\/43296"}],"wp:attachment":[{"href":"https:\/\/sectorprensa.com.ar\/index.php?rest_route=%2Fwp%2Fv2%2Fmedia&parent=43295"}],"wp:term":[{"taxonomy":"category","embeddable":true,"href":"https:\/\/sectorprensa.com.ar\/index.php?rest_route=%2Fwp%2Fv2%2Fcategories&post=43295"},{"taxonomy":"post_tag","embeddable":true,"href":"https:\/\/sectorprensa.com.ar\/index.php?rest_route=%2Fwp%2Fv2%2Ftags&post=43295"}],"curies":[{"name":"wp","href":"https:\/\/api.w.org\/{rel}","templated":true}]}}