{"id":43302,"date":"2022-05-05T09:00:34","date_gmt":"2022-05-05T12:00:34","guid":{"rendered":"https:\/\/sectorprensa.com.ar\/?p=43302"},"modified":"2022-05-04T17:02:06","modified_gmt":"2022-05-04T20:02:06","slug":"moreno-se-instalaron-nuevas-camaras-de-seguridad-en-trujui-y-paso-del-rey","status":"publish","type":"post","link":"https:\/\/sectorprensa.com.ar\/?p=43302","title":{"rendered":"MORENO: SE INSTALARON NUEVAS C\u00c1MARAS DE SEGURIDAD EN TRUJUI Y PASO DEL REY"},"content":{"rendered":"<h6 style=\"font-weight: 400;\"><strong>Van a reforzar las tareas de prevenci\u00f3n en los distintos barrios. Al d\u00eda de hoy se colocaron m\u00e1s de 1200 c\u00e1maras y pr\u00f3ximamente se instalar\u00e1n alrededor de 300 en el distrito.<\/strong><\/h6>\n<p><!--more--><\/p>\n<p style=\"font-weight: 400;\">El Municipio de Moreno a trav\u00e9s de la Secretar\u00eda de Seguridad contin\u00faa impulsando distintas acciones con el objetivo de ampliar el \u00e1rea de cobertura monitoreada por el Centro de Operaciones Municipales (COM) y brindar mayor seguridad a las vecinas y vecinos del distrito.\u00a0En esta oportunidad, se instalaron nuevas c\u00e1maras en Plaza Villa Angela sobre las calles Plus Ultra y Hernandarias y en Dorrego y Corval\u00e1n, en Paso del Rey.<\/p>\n<p style=\"font-weight: 400;\">En el marco del\u00a0Plan Integral de Seguridad, al d\u00eda de hoy\u00a0se colocaron m\u00e1s de 1200 c\u00e1maras y pr\u00f3ximamente se instalar\u00e1n alrededor de 300, las cuales son distribuidas en las diferentes localidades de Moreno y se priorizan las zonas donde no hay cobertura.<\/p>\n<p style=\"font-weight: 400;\">Adem\u00e1s, en materia de Seguridad, son\u00a092 los m\u00f3viles que patrullan todo Moreno y 69 oficiales de la Polic\u00eda Bonaerense que recorren los distintos barrios.<\/p>\n<p style=\"font-weight: 400;\">Las nuevas herramientas que se suman permiten fortalecer las tareas de prevenci\u00f3n que el Estado municipal en el marco de una bordaje integral de la seguridad.<\/p>\n<blockquote class=\"wp-embedded-content\" data-secret=\"1EMtkrYlA3\"><p><a href=\"https:\/\/sectorprensa.com.ar\/moreno-continua-la-pavimentacion-y-construccion-de-segunda-calzada-en-la-ruta-n25\/\">MORENO: CONTIN\u00daA LA PAVIMENTACI\u00d3N Y CONSTRUCCI\u00d3N DE SEGUNDA CALZADA EN LA RUTA N\u00b025<\/a><\/p><\/blockquote>\n<p><iframe loading=\"lazy\" class=\"wp-embedded-content\" sandbox=\"allow-scripts\" security=\"restricted\" style=\"position: absolute; clip: rect(1px, 1px, 1px, 1px);\" title=\"&#8220;MORENO: CONTIN\u00daA LA PAVIMENTACI\u00d3N Y CONSTRUCCI\u00d3N DE SEGUNDA CALZADA EN LA RUTA N\u00b025&#8221; &#8212; SECTOR PRENSA\" src=\"https:\/\/sectorprensa.com.ar\/moreno-continua-la-pavimentacion-y-construccion-de-segunda-calzada-en-la-ruta-n25\/embed\/#?secret=1EMtkrYlA3\" data-secret=\"1EMtkrYlA3\" width=\"600\" height=\"338\" frameborder=\"0\" marginwidth=\"0\" marginheight=\"0\" scrolling=\"no\"><\/iframe><\/p>\n","protected":false},"excerpt":{"rendered":"<p>Van a reforzar las tareas de prevenci\u00f3n en los distintos barrios. Al d\u00eda de hoy se colocaron m\u00e1s de 1200<\/p>\n","protected":false},"author":1,"featured_media":34579,"comment_status":"closed","ping_status":"open","sticky":false,"template":"","format":"standard","meta":{"colormag_page_container_layout":"default_layout","colormag_page_sidebar_layout":"default_layout","footnotes":""},"categories":[17,2154,1173,10],"tags":[630,2221,2732],"class_list":["post-43302","post","type-post","status-publish","format-standard","has-post-thumbnail","hentry","category-destacadas","category-moreno","category-municipales","category-sociedad","tag-camaras-de-seguridad","tag-paso-del-rey","tag-villa-trujui"],"_links":{"self":[{"href":"https:\/\/sectorprensa.com.ar\/index.php?rest_route=\/wp\/v2\/posts\/43302","targetHints":{"allow":["GET"]}}],"collection":[{"href":"https:\/\/sectorprensa.com.ar\/index.php?rest_route=\/wp\/v2\/posts"}],"about":[{"href":"https:\/\/sectorprensa.com.ar\/index.php?rest_route=\/wp\/v2\/types\/post"}],"author":[{"embeddable":true,"href":"https:\/\/sectorprensa.com.ar\/index.php?rest_route=\/wp\/v2\/users\/1"}],"replies":[{"embeddable":true,"href":"https:\/\/sectorprensa.com.ar\/index.php?rest_route=%2Fwp%2Fv2%2Fcomments&post=43302"}],"version-history":[{"count":3,"href":"https:\/\/sectorprensa.com.ar\/index.php?rest_route=\/wp\/v2\/posts\/43302\/revisions"}],"predecessor-version":[{"id":43363,"href":"https:\/\/sectorprensa.com.ar\/index.php?rest_route=\/wp\/v2\/posts\/43302\/revisions\/43363"}],"wp:featuredmedia":[{"embeddable":true,"href":"https:\/\/sectorprensa.com.ar\/index.php?rest_route=\/wp\/v2\/media\/34579"}],"wp:attachment":[{"href":"https:\/\/sectorprensa.com.ar\/index.php?rest_route=%2Fwp%2Fv2%2Fmedia&parent=43302"}],"wp:term":[{"taxonomy":"category","embeddable":true,"href":"https:\/\/sectorprensa.com.ar\/index.php?rest_route=%2Fwp%2Fv2%2Fcategories&post=43302"},{"taxonomy":"post_tag","embeddable":true,"href":"https:\/\/sectorprensa.com.ar\/index.php?rest_route=%2Fwp%2Fv2%2Ftags&post=43302"}],"curies":[{"name":"wp","href":"https:\/\/api.w.org\/{rel}","templated":true}]}}