{"id":43315,"date":"2022-05-04T06:00:13","date_gmt":"2022-05-04T09:00:13","guid":{"rendered":"https:\/\/sectorprensa.com.ar\/?p=43315"},"modified":"2022-05-03T16:30:27","modified_gmt":"2022-05-03T19:30:27","slug":"cayo-banda-que-cometia-entraderas-en-moreno-dos-detenidos","status":"publish","type":"post","link":"https:\/\/sectorprensa.com.ar\/?p=43315","title":{"rendered":"CAY\u00d3 BANDA QUE COMET\u00cdA ENTRADERAS EN MORENO: DOS DETENIDOS"},"content":{"rendered":"<h6><strong>Los delincuentes, adem\u00e1s de robar dinero y objetos de valor, amenazaban a las v\u00edctimas. Buscan a otros dos sujetos.<\/strong><\/h6>\n<p><!--more--><\/p>\n<p>Una investigaci\u00f3n termin\u00f3 con la detenci\u00f3n de dos delincuentes que integraban una banda que comet\u00eda entraderas en Moreno.<\/p>\n<p>El primer hecho ocurri\u00f3 el 12 de noviembre de 2021, cuando cuatro malvivientes armados ingresaron a una vivienda para golpear y maniatar a la v\u00edctima para llevarse dinero en efectivo y objetos de valor.<\/p>\n<p>El segundo hecho ocurri\u00f3 en Trujui el 29 de enero de este a\u00f1o, cuando los delincuentes rompieron una de las ventanas de un balc\u00f3n para desvalijar la vivienda donde estaba una familia con hijos menores.<\/p>\n<p>Gracias a la colaboraci\u00f3n de la Secretar\u00eda de Seguridad del Municipio de Moreno los investigadores realizaron un seguimiento de los veh\u00edculos utilizados por los delincuentes y se logr\u00f3 saber qui\u00e9nes eran los integrantes de la banda.<\/p>\n<p>De esta forma, la Justicia de Garant\u00edas orden\u00f3 una serie de allanamientos tras el pedido realizado por la Fiscal\u00eda N\u00ba 7 del Departamento Judicial Moreno \u2013 General Rodr\u00edguez.<\/p>\n<p>As\u00ed, se logr\u00f3 detener a dos malvivientes (uno de ellos ten\u00eda pedido de captura activo por el delito de robo agravado). En poder de los delincuentes se secuestraron celulares, un criquet, barreta, guantes, cintas de embalar, un auto con pedido de secuestro, dos armas de fuego y otros elementos importantes para la pesquisa. Adem\u00e1s, hay dos sujetos que est\u00e1n siendo buscados.<\/p>\n<p>En Moreno, el fiscal general Lucas Oyhanarte tom\u00f3 la decisi\u00f3n de crear una Ayudant\u00eda Especializada en entraderas, dentro de la Fiscal\u00eda N\u00ba 7, que est\u00e1 a cargo de Jonatan Lay y cuenta con el trabajo del ayudante fiscal Maximiliano G\u00f3mez, del perito Jos\u00e9 Caraballo y de los auxiliares Diego Soss, Luis Marchese y Agust\u00edn Gioffre. Seg\u00fan estad\u00edsticas oficiales, la cantidad de ese tipo de delitos se redujo en el \u00faltimo a\u00f1o un 33 por ciento.<\/p>\n<blockquote class=\"wp-embedded-content\" data-secret=\"7mkvx9IZ9w\"><p><a href=\"https:\/\/sectorprensa.com.ar\/rodriguez-fue-detenido-por-un-robo-en-el-que-la-victima-dice-que-no-es\/\">RODR\u00cdGUEZ: FUE DETENIDO POR UN ROBO EN EL QUE LA V\u00cdCTIMA DICE QUE NO ES<\/a><\/p><\/blockquote>\n<p><iframe loading=\"lazy\" class=\"wp-embedded-content\" sandbox=\"allow-scripts\" security=\"restricted\" style=\"position: absolute; clip: rect(1px, 1px, 1px, 1px);\" title=\"&#8220;RODR\u00cdGUEZ: FUE DETENIDO POR UN ROBO EN EL QUE LA V\u00cdCTIMA DICE QUE NO ES&#8221; &#8212; SECTOR PRENSA\" src=\"https:\/\/sectorprensa.com.ar\/rodriguez-fue-detenido-por-un-robo-en-el-que-la-victima-dice-que-no-es\/embed\/#?secret=7mkvx9IZ9w\" data-secret=\"7mkvx9IZ9w\" width=\"600\" height=\"338\" frameborder=\"0\" marginwidth=\"0\" marginheight=\"0\" scrolling=\"no\"><\/iframe><\/p>\n","protected":false},"excerpt":{"rendered":"<p>Los delincuentes, adem\u00e1s de robar dinero y objetos de valor, amenazaban a las v\u00edctimas. Buscan a otros dos sujetos.<\/p>\n","protected":false},"author":1,"featured_media":43316,"comment_status":"closed","ping_status":"open","sticky":false,"template":"","format":"standard","meta":{"colormag_page_container_layout":"default_layout","colormag_page_sidebar_layout":"default_layout","footnotes":""},"categories":[1,2154,12],"tags":[165,487,413,437],"class_list":["post-43315","post","type-post","status-publish","format-standard","has-post-thumbnail","hentry","category-destacado","category-moreno","category-policiales","tag-delincuentes","tag-detenidos","tag-entraderas","tag-moreno"],"_links":{"self":[{"href":"https:\/\/sectorprensa.com.ar\/index.php?rest_route=\/wp\/v2\/posts\/43315","targetHints":{"allow":["GET"]}}],"collection":[{"href":"https:\/\/sectorprensa.com.ar\/index.php?rest_route=\/wp\/v2\/posts"}],"about":[{"href":"https:\/\/sectorprensa.com.ar\/index.php?rest_route=\/wp\/v2\/types\/post"}],"author":[{"embeddable":true,"href":"https:\/\/sectorprensa.com.ar\/index.php?rest_route=\/wp\/v2\/users\/1"}],"replies":[{"embeddable":true,"href":"https:\/\/sectorprensa.com.ar\/index.php?rest_route=%2Fwp%2Fv2%2Fcomments&post=43315"}],"version-history":[{"count":1,"href":"https:\/\/sectorprensa.com.ar\/index.php?rest_route=\/wp\/v2\/posts\/43315\/revisions"}],"predecessor-version":[{"id":43317,"href":"https:\/\/sectorprensa.com.ar\/index.php?rest_route=\/wp\/v2\/posts\/43315\/revisions\/43317"}],"wp:featuredmedia":[{"embeddable":true,"href":"https:\/\/sectorprensa.com.ar\/index.php?rest_route=\/wp\/v2\/media\/43316"}],"wp:attachment":[{"href":"https:\/\/sectorprensa.com.ar\/index.php?rest_route=%2Fwp%2Fv2%2Fmedia&parent=43315"}],"wp:term":[{"taxonomy":"category","embeddable":true,"href":"https:\/\/sectorprensa.com.ar\/index.php?rest_route=%2Fwp%2Fv2%2Fcategories&post=43315"},{"taxonomy":"post_tag","embeddable":true,"href":"https:\/\/sectorprensa.com.ar\/index.php?rest_route=%2Fwp%2Fv2%2Ftags&post=43315"}],"curies":[{"name":"wp","href":"https:\/\/api.w.org\/{rel}","templated":true}]}}