{"id":43504,"date":"2022-05-11T08:00:04","date_gmt":"2022-05-11T11:00:04","guid":{"rendered":"https:\/\/sectorprensa.com.ar\/?p=43504"},"modified":"2022-05-09T12:57:42","modified_gmt":"2022-05-09T15:57:42","slug":"san-isidro-posse-visito-a-los-huerteros-en-su-planta-elaboradora","status":"publish","type":"post","link":"https:\/\/sectorprensa.com.ar\/?p=43504","title":{"rendered":"SAN ISIDRO: POSSE VISIT\u00d3 A \u00abLOS HUERTEROS\u00bb EN SU PLANTA ELABORADORA"},"content":{"rendered":"<h6><strong class=\"bajada\">En este predio, ubicado en O&#8217;Higgins 477, j\u00f3venes y adultos con discapacidad producen conservas vegetales destinadas a la venta directa para los vecinos.<\/strong><\/h6>\n<p><!--more--><\/p>\n<p>\u201cEl objetivo es fomentar la inclusi\u00f3n laboral. El municipio impulsa varios talleres de huertas agroecol\u00f3gicas. Esta iniciativa ayuda a generar un c\u00edrculo virtuoso, facilita una alimentaci\u00f3n saludable mediante la producci\u00f3n y llega a los vecinos de la zona desde este espacio\u201d, se\u00f1al\u00f3 el intendente Gustavo Posse, al recorrer el predio y dialogar con Los Huerteros.<\/p>\n<p>De la jornada participaron alumnos de la asociaci\u00f3n civil Cascos Verdes, quienes pudieron conocer el predio y generar un encuentro de di\u00e1logo sobre experiencias y m\u00e9todos. Adem\u00e1s, se les explic\u00f3 c\u00f3mo es la venta directa al vecino de conservas vegetales como berenjenas en escabeche, pepinos agridulces, chutney de tomates y mermeladas.<\/p>\n<p>Los Huerteros en Conserva es un emprendimiento en formato de cooperativa por lo que los productores participantes (j\u00f3venes y adultos con discapacidad) tienen un ingreso mensual por la producci\u00f3n y adem\u00e1s pueden incrementar ese ingreso con comisiones derivadas de sus propias ventas de conservas o mermeladas.<\/p>\n<p>Cascos Verdes es una asociaci\u00f3n civil sin fines de lucro que trabaja desde el 2007 por la inclusi\u00f3n de personas con discapacidad intelectual a trav\u00e9s de la educaci\u00f3n ambiental.<\/p>\n<blockquote class=\"wp-embedded-content\" data-secret=\"3WyTMIg0Co\"><p><a href=\"https:\/\/sectorprensa.com.ar\/san-isidro-posse-visito-el-paseo-de-las-artes-en-martinez\/\">SAN ISIDRO: POSSE VISIT\u00d3 EL PASEO DE LAS ARTES EN MART\u00cdNEZ<\/a><\/p><\/blockquote>\n<p><iframe loading=\"lazy\" class=\"wp-embedded-content\" sandbox=\"allow-scripts\" security=\"restricted\" style=\"position: absolute; clip: rect(1px, 1px, 1px, 1px);\" title=\"&#8220;SAN ISIDRO: POSSE VISIT\u00d3 EL PASEO DE LAS ARTES EN MART\u00cdNEZ&#8221; &#8212; SECTOR PRENSA\" src=\"https:\/\/sectorprensa.com.ar\/san-isidro-posse-visito-el-paseo-de-las-artes-en-martinez\/embed\/#?secret=3WyTMIg0Co\" data-secret=\"3WyTMIg0Co\" width=\"600\" height=\"338\" frameborder=\"0\" marginwidth=\"0\" marginheight=\"0\" scrolling=\"no\"><\/iframe><\/p>\n","protected":false},"excerpt":{"rendered":"<p>En este predio, ubicado en O&#8217;Higgins 477, j\u00f3venes y adultos con discapacidad producen conservas vegetales destinadas a la venta directa<\/p>\n","protected":false},"author":1,"featured_media":43505,"comment_status":"closed","ping_status":"open","sticky":false,"template":"","format":"standard","meta":{"colormag_page_container_layout":"default_layout","colormag_page_sidebar_layout":"default_layout","footnotes":""},"categories":[17,1173,10],"tags":[5331,6442,3080],"class_list":["post-43504","post","type-post","status-publish","format-standard","has-post-thumbnail","hentry","category-destacadas","category-municipales","category-sociedad","tag-gustavo-posse","tag-los-huerteros","tag-san-isidro"],"_links":{"self":[{"href":"https:\/\/sectorprensa.com.ar\/index.php?rest_route=\/wp\/v2\/posts\/43504","targetHints":{"allow":["GET"]}}],"collection":[{"href":"https:\/\/sectorprensa.com.ar\/index.php?rest_route=\/wp\/v2\/posts"}],"about":[{"href":"https:\/\/sectorprensa.com.ar\/index.php?rest_route=\/wp\/v2\/types\/post"}],"author":[{"embeddable":true,"href":"https:\/\/sectorprensa.com.ar\/index.php?rest_route=\/wp\/v2\/users\/1"}],"replies":[{"embeddable":true,"href":"https:\/\/sectorprensa.com.ar\/index.php?rest_route=%2Fwp%2Fv2%2Fcomments&post=43504"}],"version-history":[{"count":1,"href":"https:\/\/sectorprensa.com.ar\/index.php?rest_route=\/wp\/v2\/posts\/43504\/revisions"}],"predecessor-version":[{"id":43506,"href":"https:\/\/sectorprensa.com.ar\/index.php?rest_route=\/wp\/v2\/posts\/43504\/revisions\/43506"}],"wp:featuredmedia":[{"embeddable":true,"href":"https:\/\/sectorprensa.com.ar\/index.php?rest_route=\/wp\/v2\/media\/43505"}],"wp:attachment":[{"href":"https:\/\/sectorprensa.com.ar\/index.php?rest_route=%2Fwp%2Fv2%2Fmedia&parent=43504"}],"wp:term":[{"taxonomy":"category","embeddable":true,"href":"https:\/\/sectorprensa.com.ar\/index.php?rest_route=%2Fwp%2Fv2%2Fcategories&post=43504"},{"taxonomy":"post_tag","embeddable":true,"href":"https:\/\/sectorprensa.com.ar\/index.php?rest_route=%2Fwp%2Fv2%2Ftags&post=43504"}],"curies":[{"name":"wp","href":"https:\/\/api.w.org\/{rel}","templated":true}]}}