{"id":43671,"date":"2022-05-16T08:00:37","date_gmt":"2022-05-16T11:00:37","guid":{"rendered":"https:\/\/sectorprensa.com.ar\/?p=43671"},"modified":"2022-05-14T16:45:03","modified_gmt":"2022-05-14T19:45:03","slug":"moreno-mariel-fernandez-visito-la-ciudad-de-mexico-para-intercambiar-experiencias-de-gestion","status":"publish","type":"post","link":"https:\/\/sectorprensa.com.ar\/?p=43671","title":{"rendered":"MORENO: MARIEL FERN\u00c1NDEZ VISIT\u00d3 LA CIUDAD DE M\u00c9XICO PARA INTERCAMBIAR EXPERIENCIAS DE GESTI\u00d3N"},"content":{"rendered":"<h6><strong>Invitada por la alcald\u00eda de Iztapalapa para compartir experiencias y enriquecer las administraciones p\u00fablicas.<\/strong><\/h6>\n<p><!--more--><\/p>\n<p>Mariel Fern\u00e1ndez, intendenta de Moreno, viaj\u00f3 a la\u00a0Ciudad de M\u00e9xico\u00a0invitada por la alcald\u00eda de Iztapalapa, para intercambiar experiencias de gesti\u00f3n y as\u00ed enriquecer el desarrollo de pol\u00edticas p\u00fablicas.<\/p>\n<p>En primer lugar, visit\u00f3 al embajador argentino en M\u00e9xico,\u00a0Carlos Tomada, con qui\u00e9n comparti\u00f3 un encuentro de trabajo con parte del gabinete municipal. La jefa comunal de\u00a0Moreno\u00a0est\u00e1 acompa\u00f1ada por la concejala\u00a0Noelia Saavedra; la subsecretaria de Mujeres, G\u00e9neros y Diversidad\u00a0Gisele Coronel; la secretaria de Ambiente y Desarrollo Sostenible,\u00a0Anal\u00eda Caba\u00f1a; la secretaria Privada,\u00a0Marcela D\u00edaz\u00a0y el responsable de Comunicaci\u00f3n P\u00fablica,\u00a0Vicente Linares.<\/p>\n<p>\u201cCon la finalidad de compartir el trabajo que la alcaldia ha desempe\u00f1ado en torno al desarrollo urbano de la demarcaci\u00f3n, las pol\u00edticas p\u00fablicas y los programas implementos\u201d expresa la invitaci\u00f3n de la alcald\u00eda y destaca el desarrollo de las Unidades de Transformaci\u00f3n y Organizaciones para la Inclusi\u00f3n y la Armon\u00eda Social, un\u00a0 proyecto que \u201cpone al alcance de la ni\u00f1ez, los hombres, las mujeres, los adultos mayores, y muchas m\u00e1s colectividades de Iztapalapa la recuperaci\u00f3n y ocupaci\u00f3n del espacio p\u00fablico, la b\u00fasqueda de la obtenci\u00f3n de la justicia social y la construcci\u00f3n de la paz a partir del deporte, el arte, la recreaci\u00f3n y el cuidado.\u201d<\/p>\n<p>\u201cGenerar un encuentro de intercambio y aprendizaje sobre la recuperaci\u00f3n y ocupaci\u00f3n del espacio p\u00fablico y la b\u00fasqueda de justicia social\u201d se\u00f1al\u00f3 la intendenta de Moreno sobre la visita y afirm\u00f3 que \u201cla invitaci\u00f3n no implica gastos por parte del Municipio.\u201d<\/p>\n<p>Adem\u00e1s, resalt\u00f3 que el objetivo del encuentro es \u201cintercambiar experiencias gesti\u00f3n y desaf\u00edos para fortalecer y enriquecer los proyectos para el Municipio de Moreno\u201d.<\/p>\n<blockquote class=\"wp-embedded-content\" data-secret=\"fyUxPBAHFL\"><p><a href=\"https:\/\/sectorprensa.com.ar\/moreno-continua-la-entrega-de-mobiliario-en-las-escuelas\/\">MORENO: CONTIN\u00daA LA ENTREGA DE MOBILIARIO EN LAS ESCUELAS<\/a><\/p><\/blockquote>\n<p><iframe loading=\"lazy\" class=\"wp-embedded-content\" sandbox=\"allow-scripts\" security=\"restricted\" style=\"position: absolute; clip: rect(1px, 1px, 1px, 1px);\" title=\"&#8220;MORENO: CONTIN\u00daA LA ENTREGA DE MOBILIARIO EN LAS ESCUELAS&#8221; &#8212; SECTOR PRENSA\" src=\"https:\/\/sectorprensa.com.ar\/moreno-continua-la-entrega-de-mobiliario-en-las-escuelas\/embed\/#?secret=fyUxPBAHFL\" data-secret=\"fyUxPBAHFL\" width=\"600\" height=\"338\" frameborder=\"0\" marginwidth=\"0\" marginheight=\"0\" scrolling=\"no\"><\/iframe><\/p>\n<div><b>Agenda de Trabajo<\/b><\/div>\n<div><\/div>\n<div>Durante la visita, Mariel junto a su equipo recorrer\u00e1n proyectos emblem\u00e1ticos del gobierno de la Ciudad de M\u00e9xico tales como el Parque Ecol\u00f3gico de Xochimilco, en el \u00c1rea Natural Protegida Ejidos de Xochimilco y San Gregorio Atlapulco, d\u00f3nde ser\u00e1 recibida por la Secretar\u00eda del Medio Ambiente del gobierno de la CDMX; el Punto de Innovaci\u00f3n, Libertad, Arte, Educaci\u00f3n y Saberes (PILARES)<\/div>\n<div>\u201cEl Molino, recibidas por la secretar\u00eda de Educaci\u00f3n, Ciencia, Tecnolog\u00eda e Innovaci\u00f3n\/PILARES del Gobierno de la CDMX; y la Luna Iztacalco \u201cCoatlicue\u201d, d\u00f3nde ser\u00e1n recibidas por la secretar\u00eda de las Mujeres Gobierno de la CDMX.<\/div>\n","protected":false},"excerpt":{"rendered":"<p>Invitada por la alcald\u00eda de Iztapalapa para compartir experiencias y enriquecer las administraciones p\u00fablicas.<\/p>\n","protected":false},"author":1,"featured_media":43672,"comment_status":"closed","ping_status":"open","sticky":false,"template":"","format":"standard","meta":{"colormag_page_container_layout":"default_layout","colormag_page_sidebar_layout":"default_layout","footnotes":""},"categories":[17,2154,1173,8],"tags":[6466,6465,2898,1708],"class_list":["post-43671","post","type-post","status-publish","format-standard","has-post-thumbnail","hentry","category-destacadas","category-moreno","category-municipales","category-politica","tag-carlos-tomada","tag-ciudad-de-mexico","tag-mariel-fernandez","tag-visita"],"_links":{"self":[{"href":"https:\/\/sectorprensa.com.ar\/index.php?rest_route=\/wp\/v2\/posts\/43671","targetHints":{"allow":["GET"]}}],"collection":[{"href":"https:\/\/sectorprensa.com.ar\/index.php?rest_route=\/wp\/v2\/posts"}],"about":[{"href":"https:\/\/sectorprensa.com.ar\/index.php?rest_route=\/wp\/v2\/types\/post"}],"author":[{"embeddable":true,"href":"https:\/\/sectorprensa.com.ar\/index.php?rest_route=\/wp\/v2\/users\/1"}],"replies":[{"embeddable":true,"href":"https:\/\/sectorprensa.com.ar\/index.php?rest_route=%2Fwp%2Fv2%2Fcomments&post=43671"}],"version-history":[{"count":1,"href":"https:\/\/sectorprensa.com.ar\/index.php?rest_route=\/wp\/v2\/posts\/43671\/revisions"}],"predecessor-version":[{"id":43673,"href":"https:\/\/sectorprensa.com.ar\/index.php?rest_route=\/wp\/v2\/posts\/43671\/revisions\/43673"}],"wp:featuredmedia":[{"embeddable":true,"href":"https:\/\/sectorprensa.com.ar\/index.php?rest_route=\/wp\/v2\/media\/43672"}],"wp:attachment":[{"href":"https:\/\/sectorprensa.com.ar\/index.php?rest_route=%2Fwp%2Fv2%2Fmedia&parent=43671"}],"wp:term":[{"taxonomy":"category","embeddable":true,"href":"https:\/\/sectorprensa.com.ar\/index.php?rest_route=%2Fwp%2Fv2%2Fcategories&post=43671"},{"taxonomy":"post_tag","embeddable":true,"href":"https:\/\/sectorprensa.com.ar\/index.php?rest_route=%2Fwp%2Fv2%2Ftags&post=43671"}],"curies":[{"name":"wp","href":"https:\/\/api.w.org\/{rel}","templated":true}]}}