{"id":43748,"date":"2022-05-18T07:00:13","date_gmt":"2022-05-18T10:00:13","guid":{"rendered":"https:\/\/sectorprensa.com.ar\/?p=43748"},"modified":"2022-05-16T16:08:01","modified_gmt":"2022-05-16T19:08:01","slug":"general-rodriguez-tendra-un-observatorio-en-el-area-de-genero","status":"publish","type":"post","link":"https:\/\/sectorprensa.com.ar\/?p=43748","title":{"rendered":"GENERAL RODR\u00cdGUEZ TENDR\u00c1 UN OBSERVATORIO EN EL \u00c1REA DE G\u00c9NERO"},"content":{"rendered":"<h6><strong>El objetivo es trabajar de manera articulada entre el Municipio y esta cartera nacional para aplicar pol\u00edticas en el distrito.<\/strong><\/h6>\n<p><!--more--><\/p>\n<p>El martes 10 de mayo, el intendente de General Rodr\u00edguez, Mauro Garc\u00eda, recibi\u00f3 a la ministra de las Mujeres, G\u00e9neros y Diversidad de la Naci\u00f3n, Elizabeth G\u00f3mez Alcorta, con quien mantuvo una reuni\u00f3n de cara a potenciar los trabajos en materia de g\u00e9nero, implementar el Programa Generar y tambi\u00e9n compartir una reuni\u00f3n con mujeres emprendedoras.<\/p>\n<p>De la actividad, Garc\u00eda se\u00f1al\u00f3 que\u00a0\u00abpara nosotros es muy importante haber logrado esta firma porque estuvimos trabajando much\u00edsimo para gestionar este convenio para nuestra ciudad, sobre todo para empezar a generar recursos que son indispensables a la hora de la aplicaci\u00f3n de pol\u00edticas y medidas que tienen que ver con cuestiones de diversidad y g\u00e9nero\u201d. Y agreg\u00f3:\u00a0\u00abEsta firma simboliza dar un paso m\u00e1s en nuestro desarrollo de actividades que tienen que ver con las pol\u00edticas de la mujer, diversidad y g\u00e9nero\u201d.<\/p>\n<p>Por su parte, G\u00f3mez Alcorta expres\u00f3 que \u00abtrabajar de esta manera tan articulada con un municipio es clave porque es el gobierno local el primer lugar donde una mujer en situaci\u00f3n de violencia va, la primera puerta que golpea. Por eso para nosotras estar muy cerca y articulando todos los programas que tiene el MMGyD con los municipios es estrat\u00e9gico para llegar a todas, todes y todos\u201d.<\/p>\n<p>La ministra resalt\u00f3 que en el \u00e1rea de g\u00e9nero de General Rodr\u00edguez comenzar\u00e1 a funcionar un observatorio, el cual medir\u00e1 las situaciones de violencia en el territorio, cu\u00e1ntas son, qu\u00e9 intervenciones se hacen desde el Estado. De esta manera, la funcionaria nacional explic\u00f3 que se va a facilitar el dise\u00f1o de pol\u00edticas p\u00fablicas a nivel municipal y la coordinaci\u00f3n con el gobierno provincial y nacional.<\/p>\n<p>Elizabeth G\u00f3mez Alcorta estuvo acompa\u00f1ada por la secretaria de Pol\u00edticas contra la Violencia por Razones de G\u00e9nero, Josefina Kelly Neila; la directora general de Relaciones Institucionales, Agustina Gonz\u00e1lez Ceuninck; y la coordinadora del Programa Acompa\u00f1ar, Claudia Perugino; la ministra fue recibida en el Municipio por el jefe comunal y la secretaria de Desarrollo Comunitario, Mariana Galv\u00e1n. All\u00ed se firm\u00f3 el convenio para implementar el Programa Generar, que busca fortalecer la institucionalidad de g\u00e9nero y diversidad en las provincias y los municipios de todo el pa\u00eds a trav\u00e9s de \u00e1reas especializadas.<\/p>\n<p>Asimismo, se hizo entrega de ajuares a mujeres en situaci\u00f3n de violencia por motivos de g\u00e9nero con beb\u00e9s reci\u00e9n nacidos en el marco del programa Accionar Infancias, que impulsa el Consejo Nacional de Pol\u00edticas Sociales (CNPS). El mismo tiene como objetivo promover el fortalecimiento integral del desarrollo infantil durante los primeros 3 a\u00f1os de vida desde un abordaje interdisciplinario e intersectorial, mediante la atenci\u00f3n, acompa\u00f1amiento y seguimiento continuo a la persona gestante, los ni\u00f1os y sus referentes afectivos. Adem\u00e1s, se facilita el acceso a los servicios b\u00e1sicos esenciales y la promoci\u00f3n integral de cuidados en la infancia. Los ajuares contienen productos tales como pa\u00f1ales, toallas, chupetes, talco, baberos y term\u00f3metro, entre otros.<\/p>\n<p>Por \u00faltimo, las funcionarias y el intendente, junto con Fanny Escudero, directora de G\u00e9neros y Diversidad Sexual, y Gabriela Rodr\u00edguez, directora del servicio social, se reunieron con mujeres destinatarias del Programa Acompa\u00f1ar, una de las medidas del Plan Nacional de Acci\u00f3n contra las Violencias por Motivos de G\u00e9nero (2020-2022), dirigida a mujeres y LGBTI+ en situaci\u00f3n de violencia por motivos de g\u00e9nero de todo el pa\u00eds.<\/p>\n<p>Su objetivo principal es fortalecer la independencia a trav\u00e9s de un apoyo econ\u00f3mico equivalente al Salario M\u00ednimo, Vital y M\u00f3vil durante un periodo de 6 meses consecutivos y acompa\u00f1amiento integral con acceso a dispositivos de fortalecimiento psicosocial.<\/p>\n<blockquote class=\"wp-embedded-content\" data-secret=\"okHaoFwexl\"><p><a href=\"https:\/\/sectorprensa.com.ar\/se-lanzo-el-programa-municipal-gral-rodriguez-produce\/\">SE LANZ\u00d3 EL PROGRAMA MUNICIPAL \u201cGRAL RODR\u00cdGUEZ PRODUCE\u201d<\/a><\/p><\/blockquote>\n<p><iframe loading=\"lazy\" class=\"wp-embedded-content\" sandbox=\"allow-scripts\" security=\"restricted\" style=\"position: absolute; clip: rect(1px, 1px, 1px, 1px);\" title=\"&#8220;SE LANZ\u00d3 EL PROGRAMA MUNICIPAL \u201cGRAL RODR\u00cdGUEZ PRODUCE\u201d&#8221; &#8212; SECTOR PRENSA\" src=\"https:\/\/sectorprensa.com.ar\/se-lanzo-el-programa-municipal-gral-rodriguez-produce\/embed\/#?secret=okHaoFwexl\" data-secret=\"okHaoFwexl\" width=\"600\" height=\"338\" frameborder=\"0\" marginwidth=\"0\" marginheight=\"0\" scrolling=\"no\"><\/iframe><\/p>\n","protected":false},"excerpt":{"rendered":"<p>El objetivo es trabajar de manera articulada entre el Municipio y esta cartera nacional para aplicar pol\u00edticas en el distrito.<\/p>\n","protected":false},"author":1,"featured_media":43749,"comment_status":"closed","ping_status":"open","sticky":false,"template":"","format":"standard","meta":{"colormag_page_container_layout":"default_layout","colormag_page_sidebar_layout":"default_layout","footnotes":""},"categories":[17,4396,1173,10],"tags":[4001,2164,2769,3425],"class_list":["post-43748","post","type-post","status-publish","format-standard","has-post-thumbnail","hentry","category-destacadas","category-gral-rodriguez","category-municipales","category-sociedad","tag-elizabeth-gomez-alcorta","tag-general-rodriguez","tag-genero","tag-mauro-garcia"],"_links":{"self":[{"href":"https:\/\/sectorprensa.com.ar\/index.php?rest_route=\/wp\/v2\/posts\/43748","targetHints":{"allow":["GET"]}}],"collection":[{"href":"https:\/\/sectorprensa.com.ar\/index.php?rest_route=\/wp\/v2\/posts"}],"about":[{"href":"https:\/\/sectorprensa.com.ar\/index.php?rest_route=\/wp\/v2\/types\/post"}],"author":[{"embeddable":true,"href":"https:\/\/sectorprensa.com.ar\/index.php?rest_route=\/wp\/v2\/users\/1"}],"replies":[{"embeddable":true,"href":"https:\/\/sectorprensa.com.ar\/index.php?rest_route=%2Fwp%2Fv2%2Fcomments&post=43748"}],"version-history":[{"count":1,"href":"https:\/\/sectorprensa.com.ar\/index.php?rest_route=\/wp\/v2\/posts\/43748\/revisions"}],"predecessor-version":[{"id":43750,"href":"https:\/\/sectorprensa.com.ar\/index.php?rest_route=\/wp\/v2\/posts\/43748\/revisions\/43750"}],"wp:featuredmedia":[{"embeddable":true,"href":"https:\/\/sectorprensa.com.ar\/index.php?rest_route=\/wp\/v2\/media\/43749"}],"wp:attachment":[{"href":"https:\/\/sectorprensa.com.ar\/index.php?rest_route=%2Fwp%2Fv2%2Fmedia&parent=43748"}],"wp:term":[{"taxonomy":"category","embeddable":true,"href":"https:\/\/sectorprensa.com.ar\/index.php?rest_route=%2Fwp%2Fv2%2Fcategories&post=43748"},{"taxonomy":"post_tag","embeddable":true,"href":"https:\/\/sectorprensa.com.ar\/index.php?rest_route=%2Fwp%2Fv2%2Ftags&post=43748"}],"curies":[{"name":"wp","href":"https:\/\/api.w.org\/{rel}","templated":true}]}}