{"id":43961,"date":"2022-05-24T10:00:19","date_gmt":"2022-05-24T13:00:19","guid":{"rendered":"https:\/\/sectorprensa.com.ar\/?p=43961"},"modified":"2022-05-23T15:54:57","modified_gmt":"2022-05-23T18:54:57","slug":"moreno-continuan-las-mejoras-edilicias-en-las-diferentes-escuelas","status":"publish","type":"post","link":"https:\/\/sectorprensa.com.ar\/?p=43961","title":{"rendered":"MORENO: CONTIN\u00daAN LAS MEJORAS EDILICIAS EN LAS DIFERENTES ESCUELAS"},"content":{"rendered":"<h6><strong>Se realizan refacciones, instalaciones de gas y construcciones de rampas y veredas. Adem\u00e1s, avanza el reacondicionamiento de la Casona del ISFD N\u00b021 \u201cRicardo Rojas\u201d.<\/strong><\/h6>\n<p><!--more--><\/p>\n<p>El Municipio de Moreno\u00a0contin\u00faa con las obras en Escuelas para que la comunidad educativa pueda trabajar y estudiar en condiciones dignas. A trav\u00e9s del Fondo de Financiamiento Educativo, actualmente se est\u00e1n realizando las siguientes obras:<\/p>\n<p><strong>REFACCIONES<\/strong><br \/>\nEES N\u00b039\/ EP N\u00b01 \u2013 Construcci\u00f3n de ba\u00f1o para docentes y divisi\u00f3n de la Escuela primaria con la secundaria en 2 aulas.<br \/>\nEES N\u00b022 \u2013 de filtraciones, de ba\u00f1os y de instalaci\u00f3n el\u00e9ctrica.<br \/>\nEP N\u00b011 \u2013 Reparaci\u00f3n de veredas y desag\u00fces pluviales. Reparaci\u00f3n de ba\u00f1os y cambio de ventanas de la Escuela.<br \/>\nEP N\u00b027 \u2013 Construcci\u00f3n de 4 aulas, colocaci\u00f3n de nuevos sanitarios y refuncionalizaci\u00f3n de los patios de la Escuela.<br \/>\nEP N\u00b057 \u2013 Construcci\u00f3n de 9 aulas nuevas, 2 ba\u00f1os, dependencias y del SUM.<\/p>\n<p><strong>AMPLIACIONES<br \/>\n<\/strong>EES N\u00b074\/ EP N\u00b052 Construcci\u00f3n de 2 aulas nuevas destinadas al nivel secundario.<br \/>\nEES N\u00b069\/EP N\u00b073 Construcci\u00f3n de 2 aulas nuevas que permitir\u00e1 dividir los niveles. Tambi\u00e9n se realizar\u00e1n nuevos ba\u00f1os.<\/p>\n<p>EP N\u00b081 Construcci\u00f3n de 3 nuevas aulas y nuevo n\u00facleo sanitario.<br \/>\nEP N\u00b082 Construcci\u00f3n de 6 nuevas aulas, nuevos ba\u00f1os y espacio de preceptor\u00eda para las y los docentes.<br \/>\nJI N\u00b0959 Construcci\u00f3n de 4 aulas nuevas y ba\u00f1os nuevos.<br \/>\nEES N\u00b079\/EP N\u00b074 Construcci\u00f3n de 3 aulas y ba\u00f1os nuevos para el nivel secundario.<\/p>\n<p>En la\u00a0Casona del Instituto Superior de Formaci\u00f3n Docente N\u00b021 \u201cRicardo Rojas\u201d, se realiz\u00f3 la construcci\u00f3n de un nuevo techo, la colocaci\u00f3n de nuevos pisos y nuevas instalaciones de agua y electricidad. Esta obra de reacondicionamiento y puesta en valor es hist\u00f3rica, porque la Casona es un s\u00edmbolo y parte del patrimonio cultural de nuestro distrito y damos as\u00ed respuesta a un reclamo que hace muchos a\u00f1os ven\u00eda haciendo la comunidad educativa.<\/p>\n<p>Tambi\u00e9n se\u00a0avanza en la instalaci\u00f3n de gas\u00a0de la Escuela Primaria N\u00b078 en la\u00a0construcci\u00f3n de rampas y veredas\u00a0de la Escuela Primaria N\u00b09 y la Escuela Secundaria N\u00b0 3. A su vez junto a la Secretar\u00eda de Obras y Servicios P\u00fablicos\u00a0se trabaj\u00f3 en la pavimentaci\u00f3n de las calles Storni y M\u00e1rmol\u00a0que mejor\u00f3 el acceso a la Escuela Secundaria N\u00b030 y Escuela Secundaria N\u00b0 58.<\/p>\n<p>Pr\u00f3ximamente la comunidad educativa de la Escuela Secundaria N\u00b0 32\u00a0podr\u00e1 contar con 6 aulas nuevas; la obra incluye, adem\u00e1s, una nueva instalaci\u00f3n el\u00e9ctrica, colocaci\u00f3n de aires acondicionados, nuevos ba\u00f1os, desag\u00fces pluviales y veredas. Por su parte,\u00a0la Escuela N\u00b083, contar\u00e1 con 6 aulas nuevas, 2 n\u00facleos sanitarios, dependencias y SUM.<\/p>\n<p>En Moreno se realizar\u00e1 la\u00a0creaci\u00f3n de 4 Centros de Desarrollo Infantil con fondos nacionales y educativos los cuales estar\u00e1n ubicados en La Reja, Paso del Rey, Francisco \u00c1lvarez y Moreno Sur. Y pr\u00f3ximamente se realizar\u00e1 la puesta en valor de los edificios de los Jardines N\u00b0 953 y N\u00b0 954.<\/p>\n<p>Desde la Gesti\u00f3n municipal se sigue trabajando en m\u00e1s obras para tener Escuelas en condiciones dignas y seguras.<\/p>\n<blockquote class=\"wp-embedded-content\" data-secret=\"OHxqr9Bthv\"><p><a href=\"https:\/\/sectorprensa.com.ar\/moreno-mariel-fernandez-encabezo-la-entrega-de-mas-de-1-200-dni\/\">MORENO: MARIEL FERN\u00c1NDEZ ENCABEZ\u00d3 LA ENTREGA DE M\u00c1S DE 1.200 DNI<\/a><\/p><\/blockquote>\n<p><iframe loading=\"lazy\" class=\"wp-embedded-content\" sandbox=\"allow-scripts\" security=\"restricted\" style=\"position: absolute; clip: rect(1px, 1px, 1px, 1px);\" title=\"&#8220;MORENO: MARIEL FERN\u00c1NDEZ ENCABEZ\u00d3 LA ENTREGA DE M\u00c1S DE 1.200 DNI&#8221; &#8212; SECTOR PRENSA\" src=\"https:\/\/sectorprensa.com.ar\/moreno-mariel-fernandez-encabezo-la-entrega-de-mas-de-1-200-dni\/embed\/#?secret=OHxqr9Bthv\" data-secret=\"OHxqr9Bthv\" width=\"600\" height=\"338\" frameborder=\"0\" marginwidth=\"0\" marginheight=\"0\" scrolling=\"no\"><\/iframe><\/p>\n","protected":false},"excerpt":{"rendered":"<p>Se realizan refacciones, instalaciones de gas y construcciones de rampas y veredas. Adem\u00e1s, avanza el reacondicionamiento de la Casona del<\/p>\n","protected":false},"author":1,"featured_media":43962,"comment_status":"closed","ping_status":"open","sticky":false,"template":"","format":"standard","meta":{"colormag_page_container_layout":"default_layout","colormag_page_sidebar_layout":"default_layout","footnotes":""},"categories":[17,2154,1173,10],"tags":[208,437,395],"class_list":["post-43961","post","type-post","status-publish","format-standard","has-post-thumbnail","hentry","category-destacadas","category-moreno","category-municipales","category-sociedad","tag-escuelas","tag-moreno","tag-obras"],"_links":{"self":[{"href":"https:\/\/sectorprensa.com.ar\/index.php?rest_route=\/wp\/v2\/posts\/43961","targetHints":{"allow":["GET"]}}],"collection":[{"href":"https:\/\/sectorprensa.com.ar\/index.php?rest_route=\/wp\/v2\/posts"}],"about":[{"href":"https:\/\/sectorprensa.com.ar\/index.php?rest_route=\/wp\/v2\/types\/post"}],"author":[{"embeddable":true,"href":"https:\/\/sectorprensa.com.ar\/index.php?rest_route=\/wp\/v2\/users\/1"}],"replies":[{"embeddable":true,"href":"https:\/\/sectorprensa.com.ar\/index.php?rest_route=%2Fwp%2Fv2%2Fcomments&post=43961"}],"version-history":[{"count":2,"href":"https:\/\/sectorprensa.com.ar\/index.php?rest_route=\/wp\/v2\/posts\/43961\/revisions"}],"predecessor-version":[{"id":43996,"href":"https:\/\/sectorprensa.com.ar\/index.php?rest_route=\/wp\/v2\/posts\/43961\/revisions\/43996"}],"wp:featuredmedia":[{"embeddable":true,"href":"https:\/\/sectorprensa.com.ar\/index.php?rest_route=\/wp\/v2\/media\/43962"}],"wp:attachment":[{"href":"https:\/\/sectorprensa.com.ar\/index.php?rest_route=%2Fwp%2Fv2%2Fmedia&parent=43961"}],"wp:term":[{"taxonomy":"category","embeddable":true,"href":"https:\/\/sectorprensa.com.ar\/index.php?rest_route=%2Fwp%2Fv2%2Fcategories&post=43961"},{"taxonomy":"post_tag","embeddable":true,"href":"https:\/\/sectorprensa.com.ar\/index.php?rest_route=%2Fwp%2Fv2%2Ftags&post=43961"}],"curies":[{"name":"wp","href":"https:\/\/api.w.org\/{rel}","templated":true}]}}