{"id":43967,"date":"2022-05-22T21:31:12","date_gmt":"2022-05-23T00:31:12","guid":{"rendered":"https:\/\/sectorprensa.com.ar\/?p=43967"},"modified":"2022-05-22T21:31:12","modified_gmt":"2022-05-23T00:31:12","slug":"kicillof-participo-de-la-cumbre-del-partido-justicialista","status":"publish","type":"post","link":"https:\/\/sectorprensa.com.ar\/?p=43967","title":{"rendered":"KICILLOF PARTICIP\u00d3 DE LA CUMBRE DEL PARTIDO JUSTICIALISTA"},"content":{"rendered":"<h6><strong>El Gobernador bonaerense particip\u00f3 de manera virtual de la reuni\u00f3n del PJ de Mendoza. All\u00ed, dijo que \u201csin independencia econ\u00f3mica se pone en jaque la democracia\u201d.<\/strong><\/h6>\n<p><!--more--><\/p>\n<p>Axel Kicillof, Gobernador bonaerense, particip\u00f3 de manera virtual en la cumbre \u00abPeronismo Futuro\u00bb que organiz\u00f3 el Partido Justicialista de Mendoza. \u201cSin independencia econ\u00f3mica, no se logra la justicia social y se pone en jaque la democracia\u201d, consider\u00f3.<\/p>\n<p>El evento se realiz\u00f3 en el Auditorio \u00c1ngel Bustelo, en la ciudad de Mendoza, y convoc\u00f3 a los diferentes sectores del periodismo con el fin de dialogar, debatir e intercambiar ideas respecto a temas de actualidad.<\/p>\n<p>Mediante la comunicaci\u00f3n por Zoom, Kicillof se refiri\u00f3 a las tres banderas del justicialismo: independencia econ\u00f3mica, soberan\u00eda pol\u00edtica y justicia social. Adem\u00e1s, disert\u00f3 sobre la actualizaci\u00f3n de la doctrina del movimiento que fund\u00f3 Juan Domingo Per\u00f3n.<\/p>\n<p>\u201cCon la pandemia, si bien el mundo de 1945 cambi\u00f3 much\u00edsimo, la soberan\u00eda pol\u00edtica y la independencia econ\u00f3mica vuelve a aparecer con la importancia del concepto de producci\u00f3n local\u201d, dijo el mandatario provincial.<\/p>\n<p>\u201cSin independencia econ\u00f3mica, con sometimiento y dependencia a las finanzas internacionales, tambi\u00e9n se pone en juego y en jaque la democracia\u201d, sostuvo.<\/p>\n<p>Luego, explic\u00f3 que se pone en \u00abjaque la democracia\u00bb porque \u201ccuando se vota cada 4 a\u00f1os, esos gobiernos que se eligen tienen grados de libertad muy acotados para resolver y abordar los problemas de la Argentina\u201d.<\/p>\n<p>En cuanto a la situaci\u00f3n econ\u00f3mica y geopol\u00edtica mundial, analiz\u00f3: \u201cLa arquitectura de la gobernanza pol\u00edtica y las finanzas internacionales que se construy\u00f3 a partir de la Segunda Guerra Mundial con la Organizaci\u00f3n de las Naciones Unidas (ONU) y el Fondo Monetario Internacional (FMI) o el Banco Mundial ha quedado completamente anacr\u00f3nica y desactualizada, porque hubo reacomodamientos que deja afuera y no pueden dar respuestas\u201d.<\/p>\n<p>El Gobernador destac\u00f3 que \u201cla propuesta de Per\u00f3n de plantear una tercera posici\u00f3n desde la periferia se vuelve a\u00fan m\u00e1s importante\u201d y agreg\u00f3 que \u201cdesde Argentina y la regi\u00f3n, es hora de plantear que la independencia de los Estados nacionales requiere fuertes v\u00ednculos regionales para poder expresarse\u201d.<\/p>\n<p>\u201cLa independencia econ\u00f3mica est\u00e1 en la base para alcanzar la justicia social y es por ah\u00ed que tenemos que actualizar la doctrina justicialista\u201d, concluy\u00f3.<\/p>\n<blockquote class=\"wp-embedded-content\" data-secret=\"gGE60jvc4r\"><p><a href=\"https:\/\/sectorprensa.com.ar\/axel-kicillof-y-maximo-kirchner-participaron-de-un-homenaje-a-evita\/\">AXEL KICILLOF Y M\u00c1XIMO KIRCHNER PARTICIPARON DE UN HOMENAJE A EVITA<\/a><\/p><\/blockquote>\n<p><iframe loading=\"lazy\" class=\"wp-embedded-content\" sandbox=\"allow-scripts\" security=\"restricted\" style=\"position: absolute; clip: rect(1px, 1px, 1px, 1px);\" title=\"&#8220;AXEL KICILLOF Y M\u00c1XIMO KIRCHNER PARTICIPARON DE UN HOMENAJE A EVITA&#8221; &#8212; SECTOR PRENSA\" src=\"https:\/\/sectorprensa.com.ar\/axel-kicillof-y-maximo-kirchner-participaron-de-un-homenaje-a-evita\/embed\/#?secret=gGE60jvc4r\" data-secret=\"gGE60jvc4r\" width=\"600\" height=\"338\" frameborder=\"0\" marginwidth=\"0\" marginheight=\"0\" scrolling=\"no\"><\/iframe><\/p>\n","protected":false},"excerpt":{"rendered":"<p>El Gobernador bonaerense particip\u00f3 de manera virtual de la reuni\u00f3n del PJ de Mendoza. All\u00ed, dijo que \u201csin independencia econ\u00f3mica<\/p>\n","protected":false},"author":1,"featured_media":43968,"comment_status":"closed","ping_status":"open","sticky":false,"template":"","format":"standard","meta":{"colormag_page_container_layout":"default_layout","colormag_page_sidebar_layout":"default_layout","footnotes":""},"categories":[17,18],"tags":[3337,5769],"class_list":["post-43967","post","type-post","status-publish","format-standard","has-post-thumbnail","hentry","category-destacadas","category-provincia","tag-axel-kicillof","tag-partido-justicialista"],"_links":{"self":[{"href":"https:\/\/sectorprensa.com.ar\/index.php?rest_route=\/wp\/v2\/posts\/43967","targetHints":{"allow":["GET"]}}],"collection":[{"href":"https:\/\/sectorprensa.com.ar\/index.php?rest_route=\/wp\/v2\/posts"}],"about":[{"href":"https:\/\/sectorprensa.com.ar\/index.php?rest_route=\/wp\/v2\/types\/post"}],"author":[{"embeddable":true,"href":"https:\/\/sectorprensa.com.ar\/index.php?rest_route=\/wp\/v2\/users\/1"}],"replies":[{"embeddable":true,"href":"https:\/\/sectorprensa.com.ar\/index.php?rest_route=%2Fwp%2Fv2%2Fcomments&post=43967"}],"version-history":[{"count":2,"href":"https:\/\/sectorprensa.com.ar\/index.php?rest_route=\/wp\/v2\/posts\/43967\/revisions"}],"predecessor-version":[{"id":43970,"href":"https:\/\/sectorprensa.com.ar\/index.php?rest_route=\/wp\/v2\/posts\/43967\/revisions\/43970"}],"wp:featuredmedia":[{"embeddable":true,"href":"https:\/\/sectorprensa.com.ar\/index.php?rest_route=\/wp\/v2\/media\/43968"}],"wp:attachment":[{"href":"https:\/\/sectorprensa.com.ar\/index.php?rest_route=%2Fwp%2Fv2%2Fmedia&parent=43967"}],"wp:term":[{"taxonomy":"category","embeddable":true,"href":"https:\/\/sectorprensa.com.ar\/index.php?rest_route=%2Fwp%2Fv2%2Fcategories&post=43967"},{"taxonomy":"post_tag","embeddable":true,"href":"https:\/\/sectorprensa.com.ar\/index.php?rest_route=%2Fwp%2Fv2%2Ftags&post=43967"}],"curies":[{"name":"wp","href":"https:\/\/api.w.org\/{rel}","templated":true}]}}