{"id":44068,"date":"2022-05-27T07:03:02","date_gmt":"2022-05-27T10:03:02","guid":{"rendered":"https:\/\/sectorprensa.com.ar\/?p=44068"},"modified":"2022-05-26T15:44:55","modified_gmt":"2022-05-26T18:44:55","slug":"rodriguez-el-municipio-adquirio-100-nuevas-camaras-de-seguridad","status":"publish","type":"post","link":"https:\/\/sectorprensa.com.ar\/?p=44068","title":{"rendered":"RODR\u00cdGUEZ: EL MUNICIPIO ADQUIRI\u00d3 100 NUEVAS C\u00c1MARAS DE SEGURIDAD"},"content":{"rendered":"<h6><strong>Actualmente, hay un total de 482 c\u00e1maras activas en todo el distrito. De esta forma, se refuerza la seguridad y la prevenci\u00f3n de delitos.<\/strong><\/h6>\n<p><!--more--><\/p>\n<p>El Intendente Mauro Garc\u00eda anunci\u00f3 la incorporaci\u00f3n de 100 nuevas c\u00e1maras destinadas a reforzar la seguridad y prevenci\u00f3n de delitos en General Rodr\u00edguez.<\/p>\n<p>Los equipos son de tipo fijas, con lente motorizado de hasta 100 metros de alcance, sistema de detecci\u00f3n perimetral y v\u00eddeo anal\u00edtica.<\/p>\n<p>La Comuna inform\u00f3 que \u00abcontinuamos extendiendo la red de videovigilancia de nuestra ciudad, alcanzando un total de 482 c\u00e1maras activas en todo el distrito\u00bb.<\/p>\n<blockquote class=\"wp-embedded-content\" data-secret=\"0AxglMmGcE\"><p><a href=\"https:\/\/sectorprensa.com.ar\/rodriguez-el-municipio-sumo-una-nueva-chipeadora\/\">RODR\u00cdGUEZ: EL MUNICIPIO SUM\u00d3 UNA NUEVA CHIPEADORA<\/a><\/p><\/blockquote>\n<p><iframe loading=\"lazy\" class=\"wp-embedded-content\" sandbox=\"allow-scripts\" security=\"restricted\" style=\"position: absolute; clip: rect(1px, 1px, 1px, 1px);\" title=\"&#8220;RODR\u00cdGUEZ: EL MUNICIPIO SUM\u00d3 UNA NUEVA CHIPEADORA&#8221; &#8212; SECTOR PRENSA\" src=\"https:\/\/sectorprensa.com.ar\/rodriguez-el-municipio-sumo-una-nueva-chipeadora\/embed\/#?secret=0AxglMmGcE\" data-secret=\"0AxglMmGcE\" width=\"600\" height=\"338\" frameborder=\"0\" marginwidth=\"0\" marginheight=\"0\" scrolling=\"no\"><\/iframe><\/p>\n","protected":false},"excerpt":{"rendered":"<p>Actualmente, hay un total de 482 c\u00e1maras activas en todo el distrito. De esta forma, se refuerza la seguridad y<\/p>\n","protected":false},"author":1,"featured_media":44069,"comment_status":"closed","ping_status":"open","sticky":false,"template":"","format":"standard","meta":{"colormag_page_container_layout":"default_layout","colormag_page_sidebar_layout":"default_layout","footnotes":""},"categories":[17,4396,1173,10],"tags":[630,3987,3425],"class_list":["post-44068","post","type-post","status-publish","format-standard","has-post-thumbnail","hentry","category-destacadas","category-gral-rodriguez","category-municipales","category-sociedad","tag-camaras-de-seguridad","tag-general-rodrigiuez","tag-mauro-garcia"],"_links":{"self":[{"href":"https:\/\/sectorprensa.com.ar\/index.php?rest_route=\/wp\/v2\/posts\/44068","targetHints":{"allow":["GET"]}}],"collection":[{"href":"https:\/\/sectorprensa.com.ar\/index.php?rest_route=\/wp\/v2\/posts"}],"about":[{"href":"https:\/\/sectorprensa.com.ar\/index.php?rest_route=\/wp\/v2\/types\/post"}],"author":[{"embeddable":true,"href":"https:\/\/sectorprensa.com.ar\/index.php?rest_route=\/wp\/v2\/users\/1"}],"replies":[{"embeddable":true,"href":"https:\/\/sectorprensa.com.ar\/index.php?rest_route=%2Fwp%2Fv2%2Fcomments&post=44068"}],"version-history":[{"count":2,"href":"https:\/\/sectorprensa.com.ar\/index.php?rest_route=\/wp\/v2\/posts\/44068\/revisions"}],"predecessor-version":[{"id":44117,"href":"https:\/\/sectorprensa.com.ar\/index.php?rest_route=\/wp\/v2\/posts\/44068\/revisions\/44117"}],"wp:featuredmedia":[{"embeddable":true,"href":"https:\/\/sectorprensa.com.ar\/index.php?rest_route=\/wp\/v2\/media\/44069"}],"wp:attachment":[{"href":"https:\/\/sectorprensa.com.ar\/index.php?rest_route=%2Fwp%2Fv2%2Fmedia&parent=44068"}],"wp:term":[{"taxonomy":"category","embeddable":true,"href":"https:\/\/sectorprensa.com.ar\/index.php?rest_route=%2Fwp%2Fv2%2Fcategories&post=44068"},{"taxonomy":"post_tag","embeddable":true,"href":"https:\/\/sectorprensa.com.ar\/index.php?rest_route=%2Fwp%2Fv2%2Ftags&post=44068"}],"curies":[{"name":"wp","href":"https:\/\/api.w.org\/{rel}","templated":true}]}}