{"id":44400,"date":"2022-06-05T00:28:08","date_gmt":"2022-06-05T03:28:08","guid":{"rendered":"https:\/\/sectorprensa.com.ar\/?p=44400"},"modified":"2022-06-05T00:28:08","modified_gmt":"2022-06-05T03:28:08","slug":"racing-comenzo-el-torneo-con-el-pie-derecho","status":"publish","type":"post","link":"https:\/\/sectorprensa.com.ar\/?p=44400","title":{"rendered":"RACING COMENZ\u00d3 EL TORNEO CON EL PIE DERECHO"},"content":{"rendered":"<h6><strong>Luego de un final de semestre para el olvido, la Academia se impuso ante Hurac\u00e1n por 2-0 en condici\u00f3n de local.<\/strong><\/h6>\n<p><!--more--><\/p>\n<p>Racing comenz\u00f3 la Liga Profesional con una victoria. En el marco de la primera fecha, derrot\u00f3 a Hurac\u00e1n por 2-0 en el Cilindro de Avellaneda. Tom\u00e1s Chancalay y Jonathan G\u00f3mez, los autores de los goles. El Globo sufri\u00f3 la expulsi\u00f3n de C\u00e9sar Ib\u00e1\u00f1ez<\/p>\n<p><iframe loading=\"lazy\" title=\"\u00a1LA ACADEMIA DE GAGO VENCI\u00d3 AL GLOBO EN SU DEBUT! | Racing 2-0 Hurac\u00e1n | RESUMEN\" width=\"800\" height=\"450\" src=\"https:\/\/www.youtube.com\/embed\/AmtDnoTgI_Q?feature=oembed\" frameborder=\"0\" allow=\"accelerometer; autoplay; clipboard-write; encrypted-media; gyroscope; picture-in-picture\" allowfullscreen><\/iframe><\/p>\n","protected":false},"excerpt":{"rendered":"<p>Luego de un final de semestre para el olvido, la Academia se impuso ante Hurac\u00e1n por 2-0 en condici\u00f3n de<\/p>\n","protected":false},"author":1,"featured_media":44401,"comment_status":"closed","ping_status":"open","sticky":false,"template":"","format":"standard","meta":{"colormag_page_container_layout":"default_layout","colormag_page_sidebar_layout":"default_layout","footnotes":""},"categories":[11],"tags":[],"class_list":["post-44400","post","type-post","status-publish","format-standard","has-post-thumbnail","hentry","category-deportes"],"_links":{"self":[{"href":"https:\/\/sectorprensa.com.ar\/index.php?rest_route=\/wp\/v2\/posts\/44400","targetHints":{"allow":["GET"]}}],"collection":[{"href":"https:\/\/sectorprensa.com.ar\/index.php?rest_route=\/wp\/v2\/posts"}],"about":[{"href":"https:\/\/sectorprensa.com.ar\/index.php?rest_route=\/wp\/v2\/types\/post"}],"author":[{"embeddable":true,"href":"https:\/\/sectorprensa.com.ar\/index.php?rest_route=\/wp\/v2\/users\/1"}],"replies":[{"embeddable":true,"href":"https:\/\/sectorprensa.com.ar\/index.php?rest_route=%2Fwp%2Fv2%2Fcomments&post=44400"}],"version-history":[{"count":1,"href":"https:\/\/sectorprensa.com.ar\/index.php?rest_route=\/wp\/v2\/posts\/44400\/revisions"}],"predecessor-version":[{"id":44402,"href":"https:\/\/sectorprensa.com.ar\/index.php?rest_route=\/wp\/v2\/posts\/44400\/revisions\/44402"}],"wp:featuredmedia":[{"embeddable":true,"href":"https:\/\/sectorprensa.com.ar\/index.php?rest_route=\/wp\/v2\/media\/44401"}],"wp:attachment":[{"href":"https:\/\/sectorprensa.com.ar\/index.php?rest_route=%2Fwp%2Fv2%2Fmedia&parent=44400"}],"wp:term":[{"taxonomy":"category","embeddable":true,"href":"https:\/\/sectorprensa.com.ar\/index.php?rest_route=%2Fwp%2Fv2%2Fcategories&post=44400"},{"taxonomy":"post_tag","embeddable":true,"href":"https:\/\/sectorprensa.com.ar\/index.php?rest_route=%2Fwp%2Fv2%2Ftags&post=44400"}],"curies":[{"name":"wp","href":"https:\/\/api.w.org\/{rel}","templated":true}]}}