{"id":44482,"date":"2022-06-07T14:59:25","date_gmt":"2022-06-07T17:59:25","guid":{"rendered":"https:\/\/sectorprensa.com.ar\/?p=44482"},"modified":"2022-06-07T14:59:25","modified_gmt":"2022-06-07T17:59:25","slug":"pymes-las-ventas-minoristas-cayeron-un-34-anual-en-mayo","status":"publish","type":"post","link":"https:\/\/sectorprensa.com.ar\/?p=44482","title":{"rendered":"PYMES: LAS VENTAS MINORISTAS CAYERON UN 3,4% ANUAL EN MAYO"},"content":{"rendered":"<h6><strong>La ca\u00edda, de acuerdo al informe de la CAME, se debe a los aumentos en los costos y los faltantes de productos registrados en algunos sectores.<\/strong><\/h6>\n<p><!--more--><\/p>\n<p>La CAME (Confederaci\u00f3n Argentina de la Mediana Empresa) dio a conocer su informe donde indica que las ventas minoristas Pymes cayeron un 3,4% anual en mayo, mes en el que los rubros relevados vieron un retroceso.<\/p>\n<p>Frente a abril, se contrajeron un 8,9% las ventas a precios constantes, generando la desaceleraci\u00f3n en el crecimiento de las minoristas, la cual registra un alza de 5,4% en los primeros cinco meses del a\u00f1o frente al mismo periodo de 2021.<\/p>\n<p>Sobre los motivos de los n\u00fameros negativos, la entidad sostuvo: \u201cEl mercado de consumo not\u00f3 el menor poder de compra del ingreso familiar y las menores propuestas de financiamiento\u201d.<\/p>\n<p>\u201cPara el comercio, mayo fue un mes limitado por los aumentos de precios y costos, que debilitaron su rentabilidad y el \u00e1nimo del consumidor. El Hot Sale, si bien tuvo buenos niveles de adhesi\u00f3n, tampoco le marc\u00f3 diferencia al empresario pyme como en otras ocasiones\u201d, precis\u00f3.<\/p>\n<p>En cuanto a los comercios que fueron relevados, el 49,9% calificaron las ventas del mes entre buenas y muy buenas. En materia de utilidades obtenidas, el 38,4% las calific\u00f3 como buenas o muy buenas, mostrando una desmejora en sus resultados frente a abril (42,2%).<\/p>\n<p>El informe de la CAME se realiza en base al relevamiento mensual de 895 comercios del pa\u00eds, se lleva a cabo entre el 1 y 3 de junio.<\/p>\n<blockquote class=\"wp-embedded-content\" data-secret=\"LZ1t9oC4oy\"><p><a href=\"https:\/\/sectorprensa.com.ar\/comercios-minoristas-las-ventas-crecieron-un-6-interanual-en-abril\/\">COMERCIOS MINORISTAS: LAS VENTAS CRECIERON UN 6% INTERANUAL EN ABRIL<\/a><\/p><\/blockquote>\n<p><iframe loading=\"lazy\" class=\"wp-embedded-content\" sandbox=\"allow-scripts\" security=\"restricted\" style=\"position: absolute; clip: rect(1px, 1px, 1px, 1px);\" title=\"&#8220;COMERCIOS MINORISTAS: LAS VENTAS CRECIERON UN 6% INTERANUAL EN ABRIL&#8221; &#8212; SECTOR PRENSA\" src=\"https:\/\/sectorprensa.com.ar\/comercios-minoristas-las-ventas-crecieron-un-6-interanual-en-abril\/embed\/#?secret=LZ1t9oC4oy\" data-secret=\"LZ1t9oC4oy\" width=\"600\" height=\"338\" frameborder=\"0\" marginwidth=\"0\" marginheight=\"0\" scrolling=\"no\"><\/iframe><\/p>\n","protected":false},"excerpt":{"rendered":"<p>La ca\u00edda, de acuerdo al informe de la CAME, se debe a los aumentos en los costos y los faltantes<\/p>\n","protected":false},"author":1,"featured_media":44483,"comment_status":"closed","ping_status":"open","sticky":false,"template":"","format":"standard","meta":{"colormag_page_container_layout":"default_layout","colormag_page_sidebar_layout":"default_layout","footnotes":""},"categories":[17,8],"tags":[6061,1843,6553],"class_list":["post-44482","post","type-post","status-publish","format-standard","has-post-thumbnail","hentry","category-destacadas","category-politica","tag-came","tag-pymes","tag-venta-minoristas"],"_links":{"self":[{"href":"https:\/\/sectorprensa.com.ar\/index.php?rest_route=\/wp\/v2\/posts\/44482","targetHints":{"allow":["GET"]}}],"collection":[{"href":"https:\/\/sectorprensa.com.ar\/index.php?rest_route=\/wp\/v2\/posts"}],"about":[{"href":"https:\/\/sectorprensa.com.ar\/index.php?rest_route=\/wp\/v2\/types\/post"}],"author":[{"embeddable":true,"href":"https:\/\/sectorprensa.com.ar\/index.php?rest_route=\/wp\/v2\/users\/1"}],"replies":[{"embeddable":true,"href":"https:\/\/sectorprensa.com.ar\/index.php?rest_route=%2Fwp%2Fv2%2Fcomments&post=44482"}],"version-history":[{"count":1,"href":"https:\/\/sectorprensa.com.ar\/index.php?rest_route=\/wp\/v2\/posts\/44482\/revisions"}],"predecessor-version":[{"id":44484,"href":"https:\/\/sectorprensa.com.ar\/index.php?rest_route=\/wp\/v2\/posts\/44482\/revisions\/44484"}],"wp:featuredmedia":[{"embeddable":true,"href":"https:\/\/sectorprensa.com.ar\/index.php?rest_route=\/wp\/v2\/media\/44483"}],"wp:attachment":[{"href":"https:\/\/sectorprensa.com.ar\/index.php?rest_route=%2Fwp%2Fv2%2Fmedia&parent=44482"}],"wp:term":[{"taxonomy":"category","embeddable":true,"href":"https:\/\/sectorprensa.com.ar\/index.php?rest_route=%2Fwp%2Fv2%2Fcategories&post=44482"},{"taxonomy":"post_tag","embeddable":true,"href":"https:\/\/sectorprensa.com.ar\/index.php?rest_route=%2Fwp%2Fv2%2Ftags&post=44482"}],"curies":[{"name":"wp","href":"https:\/\/api.w.org\/{rel}","templated":true}]}}