{"id":44485,"date":"2022-06-07T16:07:37","date_gmt":"2022-06-07T19:07:37","guid":{"rendered":"https:\/\/sectorprensa.com.ar\/?p=44485"},"modified":"2022-06-07T16:07:37","modified_gmt":"2022-06-07T19:07:37","slug":"santiago-bermudez-las-gruas-de-caba-estan-descontroladas-y-el-nuevo-sistema-siempre-perjudica-a-los-automovilistas","status":"publish","type":"post","link":"https:\/\/sectorprensa.com.ar\/?p=44485","title":{"rendered":"SANTIAGO BERM\u00daDEZ: \u00abLAS GR\u00daAS DE CABA EST\u00c1N DESCONTROLADAS Y EL NUEVO SISTEMA SIEMPRE PERJUDICA A LOS AUTOMOVILISTAS\u00bb"},"content":{"rendered":"<h6><strong>El Presidente del partido pol\u00edtico Liber.Ar CABA, apunt\u00f3 contra las empresas de gr\u00faa de la Ciudad de Buenos Aires y el gobierno de Horacio Rodr\u00edguez Larreta.<\/strong><\/h6>\n<p><!--more--><\/p>\n<p>El presidente de Liber.Ar CABA asegur\u00f3: \u00abNo puede ser que estas gr\u00faas operen fuera de control levantando autos sin argumentos y todo esto con el aval del Gobierno de Rodr\u00edguez Larreta\u00bb<\/p>\n<p>Enfatiz\u00f3 el dirigente y argument\u00f3 que: \u00abLas mismas van acompa\u00f1adas con un agente de tr\u00e1nsito junto con los choferes y estas acarrean autos con excusas que solo ellos interpretan correctas con el solo fin de recaudar, tanto para las empresas como para el Gobierno de CABA\u00bb.<\/p>\n<p>Berm\u00fadez continu\u00f3 diciendo: \u00abY como si esto fuera poco, ahora quieren imponer un sistema nuevo de estacionamiento a toda la Ciudad que presentan como maravilloso y tecnol\u00f3gico pero que siempre termina perjudicando a los automovilistas con un solo fin que es embolsar dinero tanto para las empresas como del Gobierno, Larreta con el fin de recaudar no tiene l\u00edmites\u00bb.<\/p>\n<p>Por \u00faltimo, el pol\u00edtico asegur\u00f3 que estas empresas tienen or\u00edgenes raros y que el gobierno de CABA le extienden los permisos m\u00e1gicamente y la justicia no investiga porque se da esta situaci\u00f3n tan poco clara.<\/p>\n","protected":false},"excerpt":{"rendered":"<p>El Presidente del partido pol\u00edtico Liber.Ar CABA, apunt\u00f3 contra las empresas de gr\u00faa de la Ciudad de Buenos Aires y<\/p>\n","protected":false},"author":1,"featured_media":44486,"comment_status":"closed","ping_status":"open","sticky":false,"template":"","format":"standard","meta":{"colormag_page_container_layout":"default_layout","colormag_page_sidebar_layout":"default_layout","footnotes":""},"categories":[8],"tags":[6554,4950],"class_list":["post-44485","post","type-post","status-publish","format-standard","has-post-thumbnail","hentry","category-politica","tag-liber-ar-caba","tag-santiago-bermudez"],"_links":{"self":[{"href":"https:\/\/sectorprensa.com.ar\/index.php?rest_route=\/wp\/v2\/posts\/44485","targetHints":{"allow":["GET"]}}],"collection":[{"href":"https:\/\/sectorprensa.com.ar\/index.php?rest_route=\/wp\/v2\/posts"}],"about":[{"href":"https:\/\/sectorprensa.com.ar\/index.php?rest_route=\/wp\/v2\/types\/post"}],"author":[{"embeddable":true,"href":"https:\/\/sectorprensa.com.ar\/index.php?rest_route=\/wp\/v2\/users\/1"}],"replies":[{"embeddable":true,"href":"https:\/\/sectorprensa.com.ar\/index.php?rest_route=%2Fwp%2Fv2%2Fcomments&post=44485"}],"version-history":[{"count":1,"href":"https:\/\/sectorprensa.com.ar\/index.php?rest_route=\/wp\/v2\/posts\/44485\/revisions"}],"predecessor-version":[{"id":44487,"href":"https:\/\/sectorprensa.com.ar\/index.php?rest_route=\/wp\/v2\/posts\/44485\/revisions\/44487"}],"wp:featuredmedia":[{"embeddable":true,"href":"https:\/\/sectorprensa.com.ar\/index.php?rest_route=\/wp\/v2\/media\/44486"}],"wp:attachment":[{"href":"https:\/\/sectorprensa.com.ar\/index.php?rest_route=%2Fwp%2Fv2%2Fmedia&parent=44485"}],"wp:term":[{"taxonomy":"category","embeddable":true,"href":"https:\/\/sectorprensa.com.ar\/index.php?rest_route=%2Fwp%2Fv2%2Fcategories&post=44485"},{"taxonomy":"post_tag","embeddable":true,"href":"https:\/\/sectorprensa.com.ar\/index.php?rest_route=%2Fwp%2Fv2%2Ftags&post=44485"}],"curies":[{"name":"wp","href":"https:\/\/api.w.org\/{rel}","templated":true}]}}