{"id":44516,"date":"2022-06-09T09:30:34","date_gmt":"2022-06-09T12:30:34","guid":{"rendered":"https:\/\/sectorprensa.com.ar\/?p=44516"},"modified":"2022-06-07T19:35:24","modified_gmt":"2022-06-07T22:35:24","slug":"mariel-fernandez-es-importante-que-podamos-tener-un-gobierno-popular-en-la-nacion-y-en-la-provincia","status":"publish","type":"post","link":"https:\/\/sectorprensa.com.ar\/?p=44516","title":{"rendered":"MARIEL FERN\u00c1NDEZ: \u00abES IMPORTANTE QUE PODAMOS TENER UN GOBIERNO POPULAR EN LA NACI\u00d3N Y EN LA PROVINCIA\u00bb"},"content":{"rendered":"<h6><strong>La intendenta visit\u00f3 la Radio P\u00fablica de Moreno y convers\u00f3 sobre la gesti\u00f3n municipal, las obras que se encuentran en marcha, del periodismo y llam\u00f3 a la unidad del FDT de cara a 2023.<\/strong><\/h6>\n<p><!--more--><\/p>\n<p>El pasado martes, en el D\u00eda del Periodista, la intendenta de Moreno Mariel Fern\u00e1ndez visit\u00f3 el estudio de la FM 90.7 La Radio P\u00fablica de Moreno. All\u00ed convers\u00f3 sobre la gesti\u00f3n municipal, las distintas obras que se encuentran en marcha y las pr\u00f3ximas a realizarse. Adem\u00e1s, reflexion\u00f3 acerca del rol actual del periodismo y llam\u00f3 a la unidad del Frente de Todos de cara a 2023.<\/p>\n<p>En ese sentido, consultada al comienzo de la nota sobre las obras en marcha y los proyectos futuros para el distrito, Mariel Fern\u00e1ndez explic\u00f3:\u00a0\u201cHay proyectos de todo tipo algunos muy ambiciosos, algunos en marcha por suerte. Me parece que en Moreno tenemos una necesidad muy grande de tener espacios vinculados al deporte y al medio ambiente, as\u00ed que tenemos en desarrollo dos propuestas: una es la del Parque Las Flores que por eso se hizo el traslado del predio ferial, se arm\u00f3 el Predio Ferial Municipal y se est\u00e1 construyendo el Parque Las Flores que es un lugar de recreaci\u00f3n donde nos vamos a encontrar con un arroyito que tiene ese predio de 17 hect\u00e1reas. El Arroyo es un accidente geogr\u00e1fico que se cre\u00f3 por la urbanizaci\u00f3n y la verdad es que es un lugar muy lindo y lo podemos aprovechar mejor. La idea es hacer una gran intervenci\u00f3n, ensancharlo para poder tener ese espejo de agua poder disfrutarlo y que tenga muchas plantas. Hacerle una ribera importante y que tenga distintas canchas y mesas. Un espacio de recreaci\u00f3n para las familias, para hacer deporte, pero tambi\u00e9n para disfrutar y recrearse un poco. Tambi\u00e9n se van a colocar plantas nativas, porque la idea es todo el tiempo vincularlo con el deporte, la naturaleza y la recreaci\u00f3n como un derecho\u00bb.<\/p>\n<blockquote class=\"twitter-tweet\" data-width=\"550\" data-dnt=\"true\">\n<p lang=\"es\" dir=\"ltr\">Por el d\u00eda de las y los periodistas, pas\u00e9 a saludar a parte del equipo de la <a href=\"https:\/\/twitter.com\/PublicaMoreno?ref_src=twsrc%5Etfw\">@PublicaMoreno<\/a>.  <\/p>\n<p>Feliz d\u00eda a todas y todos aquellos que honran la profesi\u00f3n y as\u00ed contribuyen a un mejor desarrollo de la democracia en nuestra sociedad \u2764\ufe0f <a href=\"https:\/\/t.co\/1UsD1vOkon\">pic.twitter.com\/1UsD1vOkon<\/a><\/p>\n<p>&mdash; Mariel Fern\u00e1ndez (@marielfmoreno1) <a href=\"https:\/\/twitter.com\/marielfmoreno1\/status\/1534240543030620163?ref_src=twsrc%5Etfw\">June 7, 2022<\/a><\/p><\/blockquote>\n<p><script async src=\"https:\/\/platform.twitter.com\/widgets.js\" charset=\"utf-8\"><\/script><\/p>\n<p>Y agreg\u00f3:\u00a0\u00abEn una localidad tan grande como Trujui, que es una de las m\u00e1s pobladas es importante que tambi\u00e9n tengamos grandes espacios verdes que sean gratuitos y p\u00fablicos. Estas obras ya est\u00e1n en marcha, tambi\u00e9n en la localidad de Cuartel V estamos construyendo un Polideportivo. El objetivo de ese lugar es que tenga propuestas recreativas en contacto con la naturaleza pero que exista la posibilidad de la pr\u00e1ctica profesional del deporte. Ah\u00ed vamos a tener una pileta ol\u00edmpica profesional, otra pileta de chapoteo para que las y los m\u00e1s peque\u00f1os aprendan a nadar, un tinglado para la pr\u00e1ctica deportiva profesional de b\u00e1squet, v\u00f3ley y otras disciplinas y tendr\u00e1 tambi\u00e9n una pista de atletismo profesional. Estamos gestionando la construcci\u00f3n de una cancha de hockey profesional para que las mujeres tengan m\u00e1s oportunidades tambi\u00e9n en el deporte. Quiz\u00e1s en alg\u00fan momento podamos ser sede de los Juegos Bonaerenses en Moreno\u00bb.<\/p>\n<p>\u00abEstamos pensando en un Polideportivo en Moreno Sur y sigo insistiendo con el tema de nuestro Aeropuerto, aunque sea un sue\u00f1o muy grande creo que es totalmente posible. La Universidad de San Mart\u00edn ya hizo el estudio de la parte t\u00e9cnica aeron\u00e1utica y de la pista, hay condiciones y vamos a seguir insistiendo. Seguimos mejorando nuestras escuelas, la verdad que son infinitas las obras que se est\u00e1n haciendo. En poco tiempo m\u00e1s vamos a reinaugurar el Instituto Rojas donde se hizo toda la puesta en valor de la Casona, un reclamo hist\u00f3rico de las y los estudiantes y se hizo con fondos educativos que en Moreno ahora se usan para la educaci\u00f3n. Tambi\u00e9n hemos tomado reclamos hist\u00f3ricos como la escuela N\u00b0 32 de Villanueva que ya est\u00e1 terminada y solo faltan cosas de equipamiento. Todav\u00eda nos faltan en Moreno 64 escuelas y es algo que estoy hablando con el Ministerio de Educaci\u00f3n de Naci\u00f3n. La Escuela N\u00b0 57 que sufri\u00f3 un incendio se est\u00e1 reconstruyendo y se siguen haciendo obras de gas, hay que trabajar sobre el cuidado porque siempre parece que lo p\u00fablico no es de nadie y en realidad lo p\u00fablico es de todos y eso de cuidar lo que es de todos es un tema pendiente\u00bb, detall\u00f3 la jefa comunal.<\/p>\n<p>Y continu\u00f3:\u00a0\u00abVamos a comprar otra asfaltera mucho m\u00e1s grande y con m\u00e1s capacidad para optimizar la producci\u00f3n porque tenemos 25 mil cuadras de tierra y vamos por la cuadra 400 aproximadamente. Si bien se ven asfaltos, falta un mont\u00f3n todav\u00eda. Actualmente tenemos una asfaltera y otra en alquiler, pero para optimizar la producci\u00f3n de asfalto necesitamos una asfaltera m\u00e1s grande que nos va a permitir producir m\u00e1s asfaltos\u00bb.<\/p>\n<p>Por otra parte, en cuanto a la obra de la Avenida Mitre, expuso:\u00a0\u00abAhora estamos hablando de la fachada de los comercios. Yo siempre miro lo que falta, porque para m\u00ed la obra no se nota as\u00ed como est\u00e1. Entonces vamos a hacer una propuesta de fachada de todos los comercios para que realmente ah\u00ed s\u00ed se pueda visualizar la transformaci\u00f3n de la Avenida\u00bb.<\/p>\n<p>Asimismo la intendenta dio su visi\u00f3n sobre el D\u00eda del Periodista:\u00a0\u00abLa comunicaci\u00f3n y el oficio de las y los periodistas son muy importantes, m\u00e1s en estos tiempos que se desdibuja un poco y hay gente que tiene el oficio y hay gente que especula con el oficio y nos trae muchos problemas. Estos d\u00edas vengo reflexionando con espacios militantes, sobre la intencionalidad, manipulaci\u00f3n en la informaci\u00f3n, la influencia que tiene sobre nosotros, sobre nuestra realidad principalmente en los \u00e1mbitos pol\u00edticos donde cada t\u00edtulo es determinante. Creo que es central que nosotros s\u00ed podamos recrear desde las radios comunitarias, desde la Radio P\u00fablica, desde todos los espacios comunitarios que podamos recrear la profesi\u00f3n, que realmente podamos hacer un aporte porque la sociedad lo necesita\u00bb.<\/p>\n<p>\u00abMariano Moreno empez\u00f3 con La Gazeta y despu\u00e9s tuvimos otros medios como Diario La Naci\u00f3n que expresaban un modelo de pa\u00eds diferente y que sigue expresando ese modelo de pa\u00eds que no nos incluye a todos marcando una l\u00ednea que a veces nosotros no llegamos a percibir. Feliz d\u00eda a todas y todos aquellos que honran la profesi\u00f3n porque los necesitamos much\u00edsimo, por eso felicito siempre todo el trabajo que se est\u00e1 haciendo en La Radio P\u00fablica que es un espacio para todos y todas y todes\u00bb, reflexion\u00f3.<\/p>\n<p>Finalmente, en cuanto al 2023, concluy\u00f3:\u00a0\u00abSiempre hay 2023, les puedo asegurar que hago todos los esfuerzos no solo por Moreno sino para aportar a los di\u00e1logos nacionales, a los consensos. Hago un esfuerzo muy grande, en distintas charlas que he tenido desde M\u00e1ximo, Cristina hace poquito que estuve con ella, con Alberto, tratando de aportar desde la honestidad, la generosidad de que nos pongamos todos en sinton\u00eda porque la Patria nos necesita. Primero la Patria, tratemos de resolver nuestras diferencias, tenemos un objetivo muy grande que es el cuidado de la Casa Com\u00fan como dice el Papa Francisco, nuestro Papa peronista as\u00ed que trato de hacer un esfuerzo de estar en Moreno por supuesto, pero tambi\u00e9n es importante que podamos tener un gobierno popular en la Naci\u00f3n y en la Provincia\u00bb.<\/p>\n<blockquote class=\"wp-embedded-content\" data-secret=\"dTsGxX7vEv\"><p><a href=\"https:\/\/sectorprensa.com.ar\/moreno-habilitaron-una-red-cloacal-para-15-000-personas\/\">MORENO: HABILITARON UNA RED CLOACAL PARA 15.000 PERSONAS<\/a><\/p><\/blockquote>\n<p><iframe loading=\"lazy\" class=\"wp-embedded-content\" sandbox=\"allow-scripts\" security=\"restricted\" style=\"position: absolute; clip: rect(1px, 1px, 1px, 1px);\" title=\"&#8220;MORENO: HABILITARON UNA RED CLOACAL PARA 15.000 PERSONAS&#8221; &#8212; SECTOR PRENSA\" src=\"https:\/\/sectorprensa.com.ar\/moreno-habilitaron-una-red-cloacal-para-15-000-personas\/embed\/#?secret=dTsGxX7vEv\" data-secret=\"dTsGxX7vEv\" width=\"600\" height=\"338\" frameborder=\"0\" marginwidth=\"0\" marginheight=\"0\" scrolling=\"no\"><\/iframe><\/p>\n","protected":false},"excerpt":{"rendered":"<p>La intendenta visit\u00f3 la Radio P\u00fablica de Moreno y convers\u00f3 sobre la gesti\u00f3n municipal, las obras que se encuentran en<\/p>\n","protected":false},"author":1,"featured_media":44517,"comment_status":"closed","ping_status":"open","sticky":false,"template":"","format":"standard","meta":{"colormag_page_container_layout":"default_layout","colormag_page_sidebar_layout":"default_layout","footnotes":""},"categories":[17,2154,8],"tags":[4467,2898,6560],"class_list":["post-44516","post","type-post","status-publish","format-standard","has-post-thumbnail","hentry","category-destacadas","category-moreno","category-politica","tag-conversaciones","tag-mariel-fernandez","tag-radio-publica-de-moreno"],"_links":{"self":[{"href":"https:\/\/sectorprensa.com.ar\/index.php?rest_route=\/wp\/v2\/posts\/44516","targetHints":{"allow":["GET"]}}],"collection":[{"href":"https:\/\/sectorprensa.com.ar\/index.php?rest_route=\/wp\/v2\/posts"}],"about":[{"href":"https:\/\/sectorprensa.com.ar\/index.php?rest_route=\/wp\/v2\/types\/post"}],"author":[{"embeddable":true,"href":"https:\/\/sectorprensa.com.ar\/index.php?rest_route=\/wp\/v2\/users\/1"}],"replies":[{"embeddable":true,"href":"https:\/\/sectorprensa.com.ar\/index.php?rest_route=%2Fwp%2Fv2%2Fcomments&post=44516"}],"version-history":[{"count":1,"href":"https:\/\/sectorprensa.com.ar\/index.php?rest_route=\/wp\/v2\/posts\/44516\/revisions"}],"predecessor-version":[{"id":44518,"href":"https:\/\/sectorprensa.com.ar\/index.php?rest_route=\/wp\/v2\/posts\/44516\/revisions\/44518"}],"wp:featuredmedia":[{"embeddable":true,"href":"https:\/\/sectorprensa.com.ar\/index.php?rest_route=\/wp\/v2\/media\/44517"}],"wp:attachment":[{"href":"https:\/\/sectorprensa.com.ar\/index.php?rest_route=%2Fwp%2Fv2%2Fmedia&parent=44516"}],"wp:term":[{"taxonomy":"category","embeddable":true,"href":"https:\/\/sectorprensa.com.ar\/index.php?rest_route=%2Fwp%2Fv2%2Fcategories&post=44516"},{"taxonomy":"post_tag","embeddable":true,"href":"https:\/\/sectorprensa.com.ar\/index.php?rest_route=%2Fwp%2Fv2%2Ftags&post=44516"}],"curies":[{"name":"wp","href":"https:\/\/api.w.org\/{rel}","templated":true}]}}