{"id":44554,"date":"2022-06-11T07:00:01","date_gmt":"2022-06-11T10:00:01","guid":{"rendered":"https:\/\/sectorprensa.com.ar\/?p=44554"},"modified":"2022-06-10T16:17:43","modified_gmt":"2022-06-10T19:17:43","slug":"bomberos-de-merlo-rescataron-a-un-caballo-que-cayo-en-un-pozo-de-seis-metros","status":"publish","type":"post","link":"https:\/\/sectorprensa.com.ar\/?p=44554","title":{"rendered":"BOMBEROS DE MERLO RESCATARON A UN CABALLO QUE CAY\u00d3 EN UN POZO DE SEIS METROS"},"content":{"rendered":"<h6 class=\"td-post-sub-title\"><strong>El equino se encontraba atrapado hasta que una unidad del destacamento 3 de Merlo Norte lo rescat\u00f3.<\/strong><\/h6>\n<p><!--more--><\/p>\n<div class=\"td-module-meta-info\">\n<p>Los Bomberos Voluntarios de Merlo se colocaron la capa de h\u00e9roes y le salvaron la vida a un caballo que hab\u00eda quedado atrapado por accidente en el desnivel de un pozo. La zona ten\u00eda seis metros de profundidad.<\/p>\n<p>El hecho ocurri\u00f3 en las calles Virrey del Pino y La Pupler\u00eda, donde arrib\u00f3 una unidad del destacamento 3 de Merlo Norte. All\u00ed el personal emple\u00f3 herramientas de extracci\u00f3n para actuar en este tipo de casos, como aparejos mec\u00e1nicos con cadena y arneses de seguridad.<\/p>\n<p>\u201cEl personal actu\u00f3 de una manera efectiva ya que logramos rescatar al caballo con vida y sin da\u00f1o alguno. Estamos satisfechos por haber podido ayudar a este noble animal, en un gran desaf\u00edo que nos demostr\u00f3 una vez m\u00e1s, que con voluntad todo es posible\u201d, destacaron desde el cuerpo.<\/p>\n<p><img loading=\"lazy\" decoding=\"async\" class=\"alignnone size-full wp-image-44556\" src=\"https:\/\/sectorprensa.com.ar\/wp-content\/uploads\/2022\/06\/fff.png\" alt=\"\" width=\"300\" height=\"491\" srcset=\"https:\/\/sectorprensa.com.ar\/wp-content\/uploads\/2022\/06\/fff.png 300w, https:\/\/sectorprensa.com.ar\/wp-content\/uploads\/2022\/06\/fff-183x300.png 183w\" sizes=\"auto, (max-width: 300px) 100vw, 300px\" \/><\/p>\n<blockquote class=\"wp-embedded-content\" data-secret=\"c6M0O9our3\"><p><a href=\"https:\/\/sectorprensa.com.ar\/los-bomberos-voluntarios-de-merlo-tienen-su-primera-chofer\/\">LOS BOMBEROS VOLUNTARIOS DE MERLO TIENEN SU PRIMERA CHOFER<\/a><\/p><\/blockquote>\n<p><iframe loading=\"lazy\" class=\"wp-embedded-content\" sandbox=\"allow-scripts\" security=\"restricted\" style=\"position: absolute; clip: rect(1px, 1px, 1px, 1px);\" title=\"&#8220;LOS BOMBEROS VOLUNTARIOS DE MERLO TIENEN SU PRIMERA CHOFER&#8221; &#8212; SECTOR PRENSA\" src=\"https:\/\/sectorprensa.com.ar\/los-bomberos-voluntarios-de-merlo-tienen-su-primera-chofer\/embed\/#?secret=c6M0O9our3\" data-secret=\"c6M0O9our3\" width=\"600\" height=\"338\" frameborder=\"0\" marginwidth=\"0\" marginheight=\"0\" scrolling=\"no\"><\/iframe><\/p>\n<\/div>\n","protected":false},"excerpt":{"rendered":"<p>El equino se encontraba atrapado hasta que una unidad del destacamento 3 de Merlo Norte lo rescat\u00f3.<\/p>\n","protected":false},"author":1,"featured_media":44555,"comment_status":"closed","ping_status":"open","sticky":false,"template":"","format":"standard","meta":{"colormag_page_container_layout":"default_layout","colormag_page_sidebar_layout":"default_layout","footnotes":""},"categories":[17,7,10],"tags":[5397,4189,3781,3189],"class_list":["post-44554","post","type-post","status-publish","format-standard","has-post-thumbnail","hentry","category-destacadas","category-merlo","category-sociedad","tag-bomberos-merlo","tag-bomberos-voluntarios","tag-caballo","tag-rescate"],"_links":{"self":[{"href":"https:\/\/sectorprensa.com.ar\/index.php?rest_route=\/wp\/v2\/posts\/44554","targetHints":{"allow":["GET"]}}],"collection":[{"href":"https:\/\/sectorprensa.com.ar\/index.php?rest_route=\/wp\/v2\/posts"}],"about":[{"href":"https:\/\/sectorprensa.com.ar\/index.php?rest_route=\/wp\/v2\/types\/post"}],"author":[{"embeddable":true,"href":"https:\/\/sectorprensa.com.ar\/index.php?rest_route=\/wp\/v2\/users\/1"}],"replies":[{"embeddable":true,"href":"https:\/\/sectorprensa.com.ar\/index.php?rest_route=%2Fwp%2Fv2%2Fcomments&post=44554"}],"version-history":[{"count":1,"href":"https:\/\/sectorprensa.com.ar\/index.php?rest_route=\/wp\/v2\/posts\/44554\/revisions"}],"predecessor-version":[{"id":44557,"href":"https:\/\/sectorprensa.com.ar\/index.php?rest_route=\/wp\/v2\/posts\/44554\/revisions\/44557"}],"wp:featuredmedia":[{"embeddable":true,"href":"https:\/\/sectorprensa.com.ar\/index.php?rest_route=\/wp\/v2\/media\/44555"}],"wp:attachment":[{"href":"https:\/\/sectorprensa.com.ar\/index.php?rest_route=%2Fwp%2Fv2%2Fmedia&parent=44554"}],"wp:term":[{"taxonomy":"category","embeddable":true,"href":"https:\/\/sectorprensa.com.ar\/index.php?rest_route=%2Fwp%2Fv2%2Fcategories&post=44554"},{"taxonomy":"post_tag","embeddable":true,"href":"https:\/\/sectorprensa.com.ar\/index.php?rest_route=%2Fwp%2Fv2%2Ftags&post=44554"}],"curies":[{"name":"wp","href":"https:\/\/api.w.org\/{rel}","templated":true}]}}