{"id":44568,"date":"2022-06-09T00:06:44","date_gmt":"2022-06-09T03:06:44","guid":{"rendered":"https:\/\/sectorprensa.com.ar\/?p=44568"},"modified":"2022-06-09T00:06:44","modified_gmt":"2022-06-09T03:06:44","slug":"midland-a-un-paso-de-ser-campeon-y-con-nuevo-refuerzo","status":"publish","type":"post","link":"https:\/\/sectorprensa.com.ar\/?p=44568","title":{"rendered":"MIDLAND: A UN PASO DE SER CAMPE\u00d3N Y CON NUEVO REFUERZO"},"content":{"rendered":"<h6><strong>El Funebrero, que el domingo puede ser campe\u00f3n del Apertura de la Primera C, oficializ\u00f3 la llega de un jugador proveniente de la B Metro.<\/strong><\/h6>\n<p><!--more--><\/p>\n<p>A pocos d\u00edas del partido frente a Central C\u00f3rdoba en Rosario (domingo a las 15:30hs), donde puede consagrarse campe\u00f3n del Apertura de la Primera C, Midland cerr\u00f3 un refuerzo de experiencia.<\/p>\n<p>El Funebrero hizo oficial la contrataci\u00f3n de Mauro Frattini, quien viene de jugar en la Primera B Metropolitana con la camiseta de Acassuso, firm\u00f3 hasta diciembre de 2023. Adem\u00e1s, el volante de 31 a\u00f1os cuenta con pasado en Deportivo Merlo, Villa D\u00e1lmine, Godoy Cruz, Deportivo Armenio, entre otros.<\/p>\n","protected":false},"excerpt":{"rendered":"<p>El Funebrero, que el domingo puede ser campe\u00f3n del Apertura de la Primera C, oficializ\u00f3 la llega de un jugador<\/p>\n","protected":false},"author":1,"featured_media":44569,"comment_status":"closed","ping_status":"open","sticky":false,"template":"","format":"standard","meta":{"colormag_page_container_layout":"default_layout","colormag_page_sidebar_layout":"default_layout","footnotes":""},"categories":[11],"tags":[89,91],"class_list":["post-44568","post","type-post","status-publish","format-standard","has-post-thumbnail","hentry","category-deportes","tag-midland","tag-primera-c"],"_links":{"self":[{"href":"https:\/\/sectorprensa.com.ar\/index.php?rest_route=\/wp\/v2\/posts\/44568","targetHints":{"allow":["GET"]}}],"collection":[{"href":"https:\/\/sectorprensa.com.ar\/index.php?rest_route=\/wp\/v2\/posts"}],"about":[{"href":"https:\/\/sectorprensa.com.ar\/index.php?rest_route=\/wp\/v2\/types\/post"}],"author":[{"embeddable":true,"href":"https:\/\/sectorprensa.com.ar\/index.php?rest_route=\/wp\/v2\/users\/1"}],"replies":[{"embeddable":true,"href":"https:\/\/sectorprensa.com.ar\/index.php?rest_route=%2Fwp%2Fv2%2Fcomments&post=44568"}],"version-history":[{"count":1,"href":"https:\/\/sectorprensa.com.ar\/index.php?rest_route=\/wp\/v2\/posts\/44568\/revisions"}],"predecessor-version":[{"id":44570,"href":"https:\/\/sectorprensa.com.ar\/index.php?rest_route=\/wp\/v2\/posts\/44568\/revisions\/44570"}],"wp:featuredmedia":[{"embeddable":true,"href":"https:\/\/sectorprensa.com.ar\/index.php?rest_route=\/wp\/v2\/media\/44569"}],"wp:attachment":[{"href":"https:\/\/sectorprensa.com.ar\/index.php?rest_route=%2Fwp%2Fv2%2Fmedia&parent=44568"}],"wp:term":[{"taxonomy":"category","embeddable":true,"href":"https:\/\/sectorprensa.com.ar\/index.php?rest_route=%2Fwp%2Fv2%2Fcategories&post=44568"},{"taxonomy":"post_tag","embeddable":true,"href":"https:\/\/sectorprensa.com.ar\/index.php?rest_route=%2Fwp%2Fv2%2Ftags&post=44568"}],"curies":[{"name":"wp","href":"https:\/\/api.w.org\/{rel}","templated":true}]}}