{"id":44572,"date":"2022-06-09T01:29:36","date_gmt":"2022-06-09T04:29:36","guid":{"rendered":"https:\/\/sectorprensa.com.ar\/?p=44572"},"modified":"2022-06-09T01:29:36","modified_gmt":"2022-06-09T04:29:36","slug":"se-actualizo-la-lista-de-precios-cuidados-con-aumentos-del-22","status":"publish","type":"post","link":"https:\/\/sectorprensa.com.ar\/?p=44572","title":{"rendered":"SE ACTUALIZ\u00d3 LA LISTA DE PRECIOS CUIDADOS CON AUMENTOS DEL 2,2%"},"content":{"rendered":"<h6><strong>El programa tendr\u00e1 una suba para este mes, la cual hab\u00eda sido acordada por Roberto Feletti, ex Secretario de Comercio Interior.<\/strong><\/h6>\n<p><!--more--><\/p>\n<p>La canasta de Precios Cuidados tendr\u00e1 un aumento del 2,2% en junio, este es el \u00faltimo incremento que hab\u00eda acordado Roberto Feletti, ex Secretario de Comercio Interior que dej\u00f3 su cargo el 23 de mayo.<\/p>\n<p>En los primeros d\u00edas de abril, momento en el que se relanz\u00f3 el programa, el gobierno nacional estipul\u00f3 que para este mes haya una suba de 1357 productos que integran las listas.<\/p>\n<p>Cabe aclarar que, Precios Cuidados es un acuerdo anual que se renueva de manera trimestral, a fin de determinar nuevamente los productos que integrar\u00e1n la canasta y acordar los precios para los pr\u00f3ximos tres meses.<\/p>\n<p>A principios de abril, la gesti\u00f3n de Alberto Fern\u00e1ndez anunci\u00f3 que la canasta de supermercados de Precios Cuidados contar\u00eda con 1763 productos, adem\u00e1s se implementaron 60 bienes espec\u00edficos en comercios de proximidad y cortes de carne de populares a precios accesibles.<\/p>\n<p>La \u00faltima actualizaci\u00f3n traer\u00e1 una variedad de cinco frutas y verduras, estar\u00e1n disponibles en grandes cadenas de supermercados y comercios barriales.<\/p>\n<p>Seg\u00fan lo establece el programa, en las pr\u00f3ximas semanas el nuevo secretario de Comercio Interior, Guillermo Hang, tendr\u00e1 la potestad de la renovaci\u00f3n de la canasta de productos de la iniciativa estatal.<\/p>\n<p>El martes, antes de la siguiente etapa, la cual ser\u00e1 el 7 de julio, Hang se reuni\u00f3 con Mart\u00edn Guzm\u00e1n (Ministro de Econom\u00eda) y con representantes de empresas de consumo masivo.<\/p>\n<blockquote class=\"wp-embedded-content\" data-secret=\"Vygk4Bde4V\"><p><a href=\"https:\/\/sectorprensa.com.ar\/precios-cuidados-se-suman-dos-nuevas-canastas-a-las-gondolas\/\">PRECIOS CUIDADOS: SE SUMAN DOS NUEVAS CANASTAS A LAS G\u00d3NDOLAS<\/a><\/p><\/blockquote>\n<p><iframe loading=\"lazy\" class=\"wp-embedded-content\" sandbox=\"allow-scripts\" security=\"restricted\" style=\"position: absolute; clip: rect(1px, 1px, 1px, 1px);\" title=\"&#8220;PRECIOS CUIDADOS: SE SUMAN DOS NUEVAS CANASTAS A LAS G\u00d3NDOLAS&#8221; &#8212; SECTOR PRENSA\" src=\"https:\/\/sectorprensa.com.ar\/precios-cuidados-se-suman-dos-nuevas-canastas-a-las-gondolas\/embed\/#?secret=Vygk4Bde4V\" data-secret=\"Vygk4Bde4V\" width=\"600\" height=\"338\" frameborder=\"0\" marginwidth=\"0\" marginheight=\"0\" scrolling=\"no\"><\/iframe><\/p>\n","protected":false},"excerpt":{"rendered":"<p>El programa tendr\u00e1 una suba para este mes, la cual hab\u00eda sido acordada por Roberto Feletti, ex Secretario de Comercio<\/p>\n","protected":false},"author":1,"featured_media":44573,"comment_status":"closed","ping_status":"open","sticky":false,"template":"","format":"standard","meta":{"colormag_page_container_layout":"default_layout","colormag_page_sidebar_layout":"default_layout","footnotes":""},"categories":[17,8],"tags":[6566,2749],"class_list":["post-44572","post","type-post","status-publish","format-standard","has-post-thumbnail","hentry","category-destacadas","category-politica","tag-guillermo-hang","tag-precios-cuidados"],"_links":{"self":[{"href":"https:\/\/sectorprensa.com.ar\/index.php?rest_route=\/wp\/v2\/posts\/44572","targetHints":{"allow":["GET"]}}],"collection":[{"href":"https:\/\/sectorprensa.com.ar\/index.php?rest_route=\/wp\/v2\/posts"}],"about":[{"href":"https:\/\/sectorprensa.com.ar\/index.php?rest_route=\/wp\/v2\/types\/post"}],"author":[{"embeddable":true,"href":"https:\/\/sectorprensa.com.ar\/index.php?rest_route=\/wp\/v2\/users\/1"}],"replies":[{"embeddable":true,"href":"https:\/\/sectorprensa.com.ar\/index.php?rest_route=%2Fwp%2Fv2%2Fcomments&post=44572"}],"version-history":[{"count":1,"href":"https:\/\/sectorprensa.com.ar\/index.php?rest_route=\/wp\/v2\/posts\/44572\/revisions"}],"predecessor-version":[{"id":44574,"href":"https:\/\/sectorprensa.com.ar\/index.php?rest_route=\/wp\/v2\/posts\/44572\/revisions\/44574"}],"wp:featuredmedia":[{"embeddable":true,"href":"https:\/\/sectorprensa.com.ar\/index.php?rest_route=\/wp\/v2\/media\/44573"}],"wp:attachment":[{"href":"https:\/\/sectorprensa.com.ar\/index.php?rest_route=%2Fwp%2Fv2%2Fmedia&parent=44572"}],"wp:term":[{"taxonomy":"category","embeddable":true,"href":"https:\/\/sectorprensa.com.ar\/index.php?rest_route=%2Fwp%2Fv2%2Fcategories&post=44572"},{"taxonomy":"post_tag","embeddable":true,"href":"https:\/\/sectorprensa.com.ar\/index.php?rest_route=%2Fwp%2Fv2%2Ftags&post=44572"}],"curies":[{"name":"wp","href":"https:\/\/api.w.org\/{rel}","templated":true}]}}