{"id":44587,"date":"2022-06-09T12:32:17","date_gmt":"2022-06-09T15:32:17","guid":{"rendered":"https:\/\/sectorprensa.com.ar\/?p=44587"},"modified":"2022-06-09T12:40:22","modified_gmt":"2022-06-09T15:40:22","slug":"crimen-frente-al-country-los-cardales-detuvieron-al-asesino-de-patricio-glave","status":"publish","type":"post","link":"https:\/\/sectorprensa.com.ar\/?p=44587","title":{"rendered":"CRIMEN FRENTE AL COUNTRY LOS CARDALES: DETUVIERON AL ASESINO DE PATRICIO GLAVE"},"content":{"rendered":"<h6><strong>El sujeto, que mat\u00f3 a balazos a Glave tras una discusi\u00f3n de tr\u00e1nsito, estaba escondido en la casa de su t\u00eda, en Tres de Febrero.<\/strong><\/h6>\n<p><!--more--><\/p>\n<p>El hombre que era buscado por el crimen de Patricio Glave, el empresario asesinado a balazos el 6 de mayo a metros de su veh\u00edculo frente a un country de la localidad bonaerense de Los Cardales tras una pelea de tr\u00e1nsito, fue capturado durante un allanamiento realizado este mi\u00e9rcoles en una casa del partido de Tres de Febrero.<\/p>\n<p>Se trata de\u00a0Gustavo Fabi\u00e1n D&#8217;Aversa\u00a0(52), quien\u00a0estaba escondido en la casa de su t\u00eda, y qued\u00f3 a disposici\u00f3n del fiscal Mat\u00edas Ferreiros.<\/p>\n<blockquote class=\"twitter-tweet\" data-width=\"550\" data-dnt=\"true\">\n<p lang=\"es\" dir=\"ltr\">As\u00ed la polic\u00eda y el fiscal Mat\u00edas Ferreirosa deten\u00edan a Fabi\u00e1n Daversa en Caseros. Est\u00e1 acusado de matar a tiros a Patricio Glave tras una discusi\u00f3n de tr\u00e1nsito frente a un country de Campana. <a href=\"https:\/\/t.co\/zKQNzOvlwq\">pic.twitter.com\/zKQNzOvlwq<\/a><\/p>\n<p>&mdash; Mauro Szeta (@mauroszeta) <a href=\"https:\/\/twitter.com\/mauroszeta\/status\/1534666817242861569?ref_src=twsrc%5Etfw\">June 8, 2022<\/a><\/p><\/blockquote>\n<p><script async src=\"https:\/\/platform.twitter.com\/widgets.js\" charset=\"utf-8\"><\/script><\/p>\n<p>El sospechoso ser\u00e1 trasladado este jueves a la sede de la Unidad Funcional de Instrucci\u00f3n (UFI) 2 de Campana para ser indagado por el representante Ministerio P\u00fablico por el delito de \u00abhomicidio agravado por el uso de arma de fuego\u00bb.<\/p>\n<p><img loading=\"lazy\" decoding=\"async\" class=\"alignnone size-full wp-image-44583\" src=\"https:\/\/sectorprensa.com.ar\/wp-content\/uploads\/2022\/06\/hh.png\" alt=\"\" width=\"596\" height=\"351\" srcset=\"https:\/\/sectorprensa.com.ar\/wp-content\/uploads\/2022\/06\/hh.png 596w, https:\/\/sectorprensa.com.ar\/wp-content\/uploads\/2022\/06\/hh-300x177.png 300w\" sizes=\"auto, (max-width: 596px) 100vw, 596px\" \/><\/p>\n<p>A fines de mayo, la camioneta Peugeot Partner utilizada por el imputado fue encontrada abandonada a la vera de la ruta 16, en el kil\u00f3metro 132, cerca de la localidad chaque\u00f1a de Presidencia de la Plaza, por lo que los investigadores sospecharon que pod\u00eda haber escapado a Paraguay. Sin embargo, en los \u00faltimos d\u00edas la b\u00fasqueda se concentr\u00f3 en Tres de Febrero tras obtener un dato de que estaba escondido en la casa de una familiar, lo cual finalmente fue confirmado con su detenci\u00f3n en ese lugar.<\/p>\n<blockquote class=\"wp-embedded-content\" data-secret=\"3ugDbtBbDX\"><p><a href=\"https:\/\/sectorprensa.com.ar\/buscan-a-un-empresario-de-caseros-por-haber-asesinado-a-un-hombre\/\">BUSCAN A UN EMPRESARIO DE CASEROS POR HABER ASESINADO A UN HOMBRE<\/a><\/p><\/blockquote>\n<p><iframe loading=\"lazy\" class=\"wp-embedded-content\" sandbox=\"allow-scripts\" security=\"restricted\" style=\"position: absolute; clip: rect(1px, 1px, 1px, 1px);\" title=\"&#8220;BUSCAN A UN EMPRESARIO DE CASEROS POR HABER ASESINADO A UN HOMBRE&#8221; &#8212; SECTOR PRENSA\" src=\"https:\/\/sectorprensa.com.ar\/buscan-a-un-empresario-de-caseros-por-haber-asesinado-a-un-hombre\/embed\/#?secret=3ugDbtBbDX\" data-secret=\"3ugDbtBbDX\" width=\"600\" height=\"338\" frameborder=\"0\" marginwidth=\"0\" marginheight=\"0\" scrolling=\"no\"><\/iframe><\/p>\n","protected":false},"excerpt":{"rendered":"<p>El sujeto, que mat\u00f3 a balazos a Glave tras una discusi\u00f3n de tr\u00e1nsito, estaba escondido en la casa de su<\/p>\n","protected":false},"author":1,"featured_media":44576,"comment_status":"closed","ping_status":"open","sticky":false,"template":"","format":"video","meta":{"colormag_page_container_layout":"default_layout","colormag_page_sidebar_layout":"default_layout","footnotes":""},"categories":[17,12],"tags":[291,2811,570,6568,6567,190],"class_list":["post-44587","post","type-post","status-publish","format-video","has-post-thumbnail","hentry","category-destacadas","category-policiales","tag-asesinato","tag-asesino","tag-detenido","tag-gustavo-fabian-daversa","tag-patricio-glave","tag-tres-de-febrero","post_format-post-format-video"],"_links":{"self":[{"href":"https:\/\/sectorprensa.com.ar\/index.php?rest_route=\/wp\/v2\/posts\/44587","targetHints":{"allow":["GET"]}}],"collection":[{"href":"https:\/\/sectorprensa.com.ar\/index.php?rest_route=\/wp\/v2\/posts"}],"about":[{"href":"https:\/\/sectorprensa.com.ar\/index.php?rest_route=\/wp\/v2\/types\/post"}],"author":[{"embeddable":true,"href":"https:\/\/sectorprensa.com.ar\/index.php?rest_route=\/wp\/v2\/users\/1"}],"replies":[{"embeddable":true,"href":"https:\/\/sectorprensa.com.ar\/index.php?rest_route=%2Fwp%2Fv2%2Fcomments&post=44587"}],"version-history":[{"count":2,"href":"https:\/\/sectorprensa.com.ar\/index.php?rest_route=\/wp\/v2\/posts\/44587\/revisions"}],"predecessor-version":[{"id":44589,"href":"https:\/\/sectorprensa.com.ar\/index.php?rest_route=\/wp\/v2\/posts\/44587\/revisions\/44589"}],"wp:featuredmedia":[{"embeddable":true,"href":"https:\/\/sectorprensa.com.ar\/index.php?rest_route=\/wp\/v2\/media\/44576"}],"wp:attachment":[{"href":"https:\/\/sectorprensa.com.ar\/index.php?rest_route=%2Fwp%2Fv2%2Fmedia&parent=44587"}],"wp:term":[{"taxonomy":"category","embeddable":true,"href":"https:\/\/sectorprensa.com.ar\/index.php?rest_route=%2Fwp%2Fv2%2Fcategories&post=44587"},{"taxonomy":"post_tag","embeddable":true,"href":"https:\/\/sectorprensa.com.ar\/index.php?rest_route=%2Fwp%2Fv2%2Ftags&post=44587"}],"curies":[{"name":"wp","href":"https:\/\/api.w.org\/{rel}","templated":true}]}}