{"id":44810,"date":"2022-06-16T09:30:55","date_gmt":"2022-06-16T12:30:55","guid":{"rendered":"https:\/\/sectorprensa.com.ar\/?p=44810"},"modified":"2022-06-15T19:36:07","modified_gmt":"2022-06-15T22:36:07","slug":"rodriguez-entregaron-netbooks-a-alumnos-de-una-escuela-del-barrio-guemes","status":"publish","type":"post","link":"https:\/\/sectorprensa.com.ar\/?p=44810","title":{"rendered":"RODR\u00cdGUEZ: ENTREGARON NETBOOKS A ALUMNOS DE UNA ESCUELA DEL BARRIO G\u00dcEMES"},"content":{"rendered":"<h6><strong>Fue en el marco del Plan Federal \u00abJuana Manso\u00bb que ya reparti\u00f3 m\u00e1s de 1300 equipos en General Rodr\u00edguez desde que se reanud\u00f3 Conectar Igualdad en el a\u00f1o 2020.<\/strong><\/h6>\n<p><!--more--><\/p>\n<p>Con la presencia del intendente Mauro Garc\u00eda, alumnos de la Escuela Secundaria N\u00b0 9 del barrio G\u00fcemes recibieron sus netbooks. Fueron alrededor de 147 computadoras port\u00e1tiles para los estudiantes del primer a\u00f1o de colegio.<\/p>\n<p>Garc\u00eda se\u00f1al\u00f3 que \u00abde eso se trata, de conectarnos a este mundo que es muy distinto al que nos toc\u00f3 a nosotros; pero que seguramente ustedes van a construir; todos los dias construyen un nuevo presente y un futuro. Ese es nuestro deseo, que tengan herramientas y de a poco reponer todas aquellas otras cosas resolviendo situaciones para\u00a0que la educaci\u00f3n sea de calidad y que tambi\u00e9n sean una oportunidad de hacer algo que quieran hacer, jugar al f\u00fatbol o ser bailarina; o bien dedicarse a la tecnolog\u00eda y programaci\u00f3n\u00bb.<\/p>\n<p>Cabe recordar que el Programa Federal \u00abJuana Manso\u00bb se puso en marcha para relanzar el plan Conectar Igualdad. De la mano de dicho plan social, los estudiantes secundarios reciben una computadora gratis teniendo acceso a la tecnolog\u00eda.<\/p>\n<p>Los equipos entregados cuentan con el sistema operativo Huayra 5.0 desarrollado por el Estado Nacional. La gran mayor\u00eda de los estudiantes que reciben este beneficio est\u00e1n cubiertos por la Asignaci\u00f3n Universal por Hijo (AUH). El programa s\u00f3lo apunta a aquellos que cursan el nivel secundario.<\/p>\n<p><img loading=\"lazy\" decoding=\"async\" class=\"alignnone size-full wp-image-44812\" src=\"https:\/\/sectorprensa.com.ar\/wp-content\/uploads\/2022\/06\/999-1.png\" alt=\"\" width=\"764\" height=\"505\" srcset=\"https:\/\/sectorprensa.com.ar\/wp-content\/uploads\/2022\/06\/999-1.png 764w, https:\/\/sectorprensa.com.ar\/wp-content\/uploads\/2022\/06\/999-1-300x198.png 300w\" sizes=\"auto, (max-width: 764px) 100vw, 764px\" \/><\/p>\n<blockquote class=\"wp-embedded-content\" data-secret=\"l3eqaGap7W\"><p><a href=\"https:\/\/sectorprensa.com.ar\/general-rodriguez-mauro-garcia-sortea-una-moto-por-el-dia-del-padre\/\">GENERAL RODR\u00cdGUEZ: MAURO GARC\u00cdA SORTEA UNA MOTO POR EL D\u00cdA DEL PADRE<\/a><\/p><\/blockquote>\n<p><iframe loading=\"lazy\" class=\"wp-embedded-content\" sandbox=\"allow-scripts\" security=\"restricted\" style=\"position: absolute; clip: rect(1px, 1px, 1px, 1px);\" title=\"&#8220;GENERAL RODR\u00cdGUEZ: MAURO GARC\u00cdA SORTEA UNA MOTO POR EL D\u00cdA DEL PADRE&#8221; &#8212; SECTOR PRENSA\" src=\"https:\/\/sectorprensa.com.ar\/general-rodriguez-mauro-garcia-sortea-una-moto-por-el-dia-del-padre\/embed\/#?secret=l3eqaGap7W\" data-secret=\"l3eqaGap7W\" width=\"600\" height=\"338\" frameborder=\"0\" marginwidth=\"0\" marginheight=\"0\" scrolling=\"no\"><\/iframe><\/p>\n<p>&nbsp;<\/p>\n","protected":false},"excerpt":{"rendered":"<p>Fue en el marco del Plan Federal \u00abJuana Manso\u00bb que ya reparti\u00f3 m\u00e1s de 1300 equipos en General Rodr\u00edguez desde<\/p>\n","protected":false},"author":1,"featured_media":44811,"comment_status":"closed","ping_status":"open","sticky":false,"template":"","format":"standard","meta":{"colormag_page_container_layout":"default_layout","colormag_page_sidebar_layout":"default_layout","footnotes":""},"categories":[17,4396,1173,10],"tags":[4494,1536,2164,3425,1541],"class_list":["post-44810","post","type-post","status-publish","format-standard","has-post-thumbnail","hentry","category-destacadas","category-gral-rodriguez","category-municipales","category-sociedad","tag-conectar-igualdad","tag-escuela","tag-general-rodriguez","tag-mauro-garcia","tag-netbooks"],"_links":{"self":[{"href":"https:\/\/sectorprensa.com.ar\/index.php?rest_route=\/wp\/v2\/posts\/44810","targetHints":{"allow":["GET"]}}],"collection":[{"href":"https:\/\/sectorprensa.com.ar\/index.php?rest_route=\/wp\/v2\/posts"}],"about":[{"href":"https:\/\/sectorprensa.com.ar\/index.php?rest_route=\/wp\/v2\/types\/post"}],"author":[{"embeddable":true,"href":"https:\/\/sectorprensa.com.ar\/index.php?rest_route=\/wp\/v2\/users\/1"}],"replies":[{"embeddable":true,"href":"https:\/\/sectorprensa.com.ar\/index.php?rest_route=%2Fwp%2Fv2%2Fcomments&post=44810"}],"version-history":[{"count":2,"href":"https:\/\/sectorprensa.com.ar\/index.php?rest_route=\/wp\/v2\/posts\/44810\/revisions"}],"predecessor-version":[{"id":44850,"href":"https:\/\/sectorprensa.com.ar\/index.php?rest_route=\/wp\/v2\/posts\/44810\/revisions\/44850"}],"wp:featuredmedia":[{"embeddable":true,"href":"https:\/\/sectorprensa.com.ar\/index.php?rest_route=\/wp\/v2\/media\/44811"}],"wp:attachment":[{"href":"https:\/\/sectorprensa.com.ar\/index.php?rest_route=%2Fwp%2Fv2%2Fmedia&parent=44810"}],"wp:term":[{"taxonomy":"category","embeddable":true,"href":"https:\/\/sectorprensa.com.ar\/index.php?rest_route=%2Fwp%2Fv2%2Fcategories&post=44810"},{"taxonomy":"post_tag","embeddable":true,"href":"https:\/\/sectorprensa.com.ar\/index.php?rest_route=%2Fwp%2Fv2%2Ftags&post=44810"}],"curies":[{"name":"wp","href":"https:\/\/api.w.org\/{rel}","templated":true}]}}