{"id":44818,"date":"2022-06-19T06:30:00","date_gmt":"2022-06-19T09:30:00","guid":{"rendered":"https:\/\/sectorprensa.com.ar\/?p=44818"},"modified":"2022-06-17T16:13:11","modified_gmt":"2022-06-17T19:13:11","slug":"daniel-arroyo-y-joaquin-noya-recorrieron-una-cooperativa-en-vicente-lopez","status":"publish","type":"post","link":"https:\/\/sectorprensa.com.ar\/?p=44818","title":{"rendered":"DANIEL ARROYO Y JOAQU\u00cdN NOYA RECORRIERON UNA COOPERATIVA EN VICENTE L\u00d3PEZ"},"content":{"rendered":"<h6><strong>\u00abHay muy buenas experiencias de f\u00e1bricas recuperadas en la Argentina. Nuestro rol es ayudarlos a que den un salto de escala y tengan mayor volumen de producci\u00f3n\u00bb, destac\u00f3 el diputado Arroyo.<\/strong><\/h6>\n<p><!--more--><\/p>\n<p>El diputado nacional Daniel Arroyo visit\u00f3 la cooperativa RyH de Villa Martelli junto al presidente de bloque de concejales del Frente de Todos Vicente L\u00f3pez Joaqu\u00edn Noya y la concejal Erica Pereyra.<\/p>\n<p>La cooperativa, que fue recuperada hace once a\u00f1os, est\u00e1 conformada por 23 trabajadores que producen art\u00edculos de grifer\u00eda a partir de bronce.<\/p>\n<p>Durante el recorrido, el diputado Arroyo destac\u00f3 que \u00abhay muy buenas experiencias de f\u00e1bricas recuperadas en la Argentina. Nuestro rol es ayudarlos a que den un salto de escala y tengan mayor volumen de producci\u00f3n\u00bb.<\/p>\n<p>En este sentido, el concejal Noya expres\u00f3 que \u201cesta es una muestra de la producci\u00f3n cooperativa que existe en Vicente L\u00f3pez. Debemos seguir acompa\u00f1ando y ser el nexo institucional para que el estado acompa\u00f1e a los trabajadores\u201d.<\/p>\n<blockquote class=\"wp-embedded-content\" data-secret=\"AN1ieDaRSs\"><p><a href=\"https:\/\/sectorprensa.com.ar\/vicente-lopez-festejo-el-dia-del-perro-junto-a-purina\/\">VICENTE L\u00d3PEZ FESTEJ\u00d3 EL D\u00cdA DEL PERRO JUNTO A PURINA<\/a><\/p><\/blockquote>\n<p><iframe loading=\"lazy\" class=\"wp-embedded-content\" sandbox=\"allow-scripts\" security=\"restricted\" style=\"position: absolute; clip: rect(1px, 1px, 1px, 1px);\" title=\"&#8220;VICENTE L\u00d3PEZ FESTEJ\u00d3 EL D\u00cdA DEL PERRO JUNTO A PURINA&#8221; &#8212; SECTOR PRENSA\" src=\"https:\/\/sectorprensa.com.ar\/vicente-lopez-festejo-el-dia-del-perro-junto-a-purina\/embed\/#?secret=AN1ieDaRSs\" data-secret=\"AN1ieDaRSs\" width=\"600\" height=\"338\" frameborder=\"0\" marginwidth=\"0\" marginheight=\"0\" scrolling=\"no\"><\/iframe><\/p>\n","protected":false},"excerpt":{"rendered":"<p>\u00abHay muy buenas experiencias de f\u00e1bricas recuperadas en la Argentina. Nuestro rol es ayudarlos a que den un salto de<\/p>\n","protected":false},"author":1,"featured_media":44819,"comment_status":"closed","ping_status":"open","sticky":false,"template":"","format":"standard","meta":{"colormag_page_container_layout":"default_layout","colormag_page_sidebar_layout":"default_layout","footnotes":""},"categories":[17,10],"tags":[4232,2621,4018,4162],"class_list":["post-44818","post","type-post","status-publish","format-standard","has-post-thumbnail","hentry","category-destacadas","category-sociedad","tag-cooperativa","tag-daniel-arroyo","tag-recorrida","tag-vicente-lopez"],"_links":{"self":[{"href":"https:\/\/sectorprensa.com.ar\/index.php?rest_route=\/wp\/v2\/posts\/44818","targetHints":{"allow":["GET"]}}],"collection":[{"href":"https:\/\/sectorprensa.com.ar\/index.php?rest_route=\/wp\/v2\/posts"}],"about":[{"href":"https:\/\/sectorprensa.com.ar\/index.php?rest_route=\/wp\/v2\/types\/post"}],"author":[{"embeddable":true,"href":"https:\/\/sectorprensa.com.ar\/index.php?rest_route=\/wp\/v2\/users\/1"}],"replies":[{"embeddable":true,"href":"https:\/\/sectorprensa.com.ar\/index.php?rest_route=%2Fwp%2Fv2%2Fcomments&post=44818"}],"version-history":[{"count":1,"href":"https:\/\/sectorprensa.com.ar\/index.php?rest_route=\/wp\/v2\/posts\/44818\/revisions"}],"predecessor-version":[{"id":44820,"href":"https:\/\/sectorprensa.com.ar\/index.php?rest_route=\/wp\/v2\/posts\/44818\/revisions\/44820"}],"wp:featuredmedia":[{"embeddable":true,"href":"https:\/\/sectorprensa.com.ar\/index.php?rest_route=\/wp\/v2\/media\/44819"}],"wp:attachment":[{"href":"https:\/\/sectorprensa.com.ar\/index.php?rest_route=%2Fwp%2Fv2%2Fmedia&parent=44818"}],"wp:term":[{"taxonomy":"category","embeddable":true,"href":"https:\/\/sectorprensa.com.ar\/index.php?rest_route=%2Fwp%2Fv2%2Fcategories&post=44818"},{"taxonomy":"post_tag","embeddable":true,"href":"https:\/\/sectorprensa.com.ar\/index.php?rest_route=%2Fwp%2Fv2%2Ftags&post=44818"}],"curies":[{"name":"wp","href":"https:\/\/api.w.org\/{rel}","templated":true}]}}