{"id":44827,"date":"2022-06-14T19:12:45","date_gmt":"2022-06-14T22:12:45","guid":{"rendered":"https:\/\/sectorprensa.com.ar\/?p=44827"},"modified":"2022-06-14T19:12:45","modified_gmt":"2022-06-14T22:12:45","slug":"moron-lucas-ghi-recorrio-obras-junto-a-leonardo-nardini","status":"publish","type":"post","link":"https:\/\/sectorprensa.com.ar\/?p=44827","title":{"rendered":"MOR\u00d3N: LUCAS GHI RECORRI\u00d3 OBRAS JUNTO A LEONARDO NARDINI"},"content":{"rendered":"<h6><strong>El Intendente supervis\u00f3 los trabajos de bacheo y pavimentaci\u00f3n en Mor\u00f3n sur, acompa\u00f1ado por el Ministro de Infraestructura y Servicios P\u00fablicos bonaerense.<\/strong><\/h6>\n<p><!--more--><\/p>\n<p>Lucas Ghi, Intendente de Mor\u00f3n, y Leonardo Nardini, Ministro de Infraestructura y Servicios P\u00fablicas bonaerense, estuvieron supervisando los trabajos de bacheo y pavimentaci\u00f3n que se llevan a cabo en la parte sur del distrito. Las obras, que se realizan en tramos de la calle Maza, mejorar\u00e1n la conectividad y calidad de vida de los vecinos.<\/p>\n<p>Los funcionarios recorrieron las tareas que se llevan adelante en la calle Maza, desde Burgos hasta R\u00edos Gallardo y desde Ag\u00fcero hasta Weizman. Los trabajos se dan en el marco del Fondo de Infraestructura Municipal, impulsado por el Gobierno de la Provincia de Buenos Aires, a trav\u00e9s del Ministerio de Infraestructura y Servicios P\u00fablicos bonaerense. Asimismo, las obras tambi\u00e9n se replican en la calle Ozanam entre Padre Casta\u00f1er y Ag\u00fcero, Mor\u00f3n sur.<\/p>\n<p>\u00abJunto a la Provincia y el Ministerio a cargo de Leo Nardini venimos haciendo transformaciones como estas en toda la infraestructura vial de nuestro distrito\u00bb, expres\u00f3 Ghi. \u00abLas obras no solo impactan en el entorno urbano sino que a su vez generan trabajo, son m\u00e1s familias que encuentran sustento, el mercado interno se recompone, ese es el c\u00edrculo virtuoso que perseguimos\u00bb, agreg\u00f3.<\/p>\n<p>Por su parte, Nardini detall\u00f3: \u00abEs un placer recorrer esta obra principal que genera una conectividad muy importante, que exist\u00eda hace much\u00edsimos a\u00f1os pero que se est\u00e1 renovando, pensando en el futuro de esta parte de Mor\u00f3n. Es una intervenci\u00f3n que beneficia a las vecinas y vecinos de este lugar, pero tambi\u00e9n de otros lugares del distrito de Mor\u00f3n que permiten interconectarse con municipios aleda\u00f1os\u00bb.<\/p>\n<p>Previo al recorrido, el jefe comunal y funcionario mantuvieron una reuni\u00f3n para planificar las pr\u00f3ximas obras en el distrito. En ese sentido, el Intendente de Mor\u00f3n adelant\u00f3 que \u00abvamos a hacer la actualizaci\u00f3n de lo que va a ser la futura obra del Hospital Provincial de Haedo, entre un conjunto de intervenciones que revitalizan al distrito, le dan valor, lo convierten en un espacio m\u00e1s seguro, y adem\u00e1s que generan empleo\u00bb.<\/p>\n<p>En la jornada estuvieron presentes el Secretario de Planificaci\u00f3n Estrat\u00e9gica, Pablo Itzcovich; el Secretario de Obras y Servicios P\u00fablicos, Diego Spina; el Subsecretario de Seguimiento de Obras, Jos\u00e9 Mar\u00eda Gayoso y el Director de la UGC 9, Marcelo R\u00edos.<\/p>\n<blockquote class=\"wp-embedded-content\" data-secret=\"bdEtYDzX9o\"><p><a href=\"https:\/\/sectorprensa.com.ar\/moron-el-municipio-lanzo-moron-a-mano\/\">MOR\u00d3N: EL MUNICIPIO LANZ\u00d3 &#8220;MOR\u00d3N A MANO&#8221;<\/a><\/p><\/blockquote>\n<p><iframe loading=\"lazy\" class=\"wp-embedded-content\" sandbox=\"allow-scripts\" security=\"restricted\" style=\"position: absolute; clip: rect(1px, 1px, 1px, 1px);\" title=\"&#8220;MOR\u00d3N: EL MUNICIPIO LANZ\u00d3 &#8220;MOR\u00d3N A MANO&#8221;&#8221; &#8212; SECTOR PRENSA\" src=\"https:\/\/sectorprensa.com.ar\/moron-el-municipio-lanzo-moron-a-mano\/embed\/#?secret=bdEtYDzX9o\" data-secret=\"bdEtYDzX9o\" width=\"600\" height=\"338\" frameborder=\"0\" marginwidth=\"0\" marginheight=\"0\" scrolling=\"no\"><\/iframe><\/p>\n","protected":false},"excerpt":{"rendered":"<p>El Intendente supervis\u00f3 los trabajos de bacheo y pavimentaci\u00f3n en Mor\u00f3n sur, acompa\u00f1ado por el Ministro de Infraestructura y Servicios<\/p>\n","protected":false},"author":1,"featured_media":44828,"comment_status":"closed","ping_status":"open","sticky":false,"template":"","format":"standard","meta":{"colormag_page_container_layout":"default_layout","colormag_page_sidebar_layout":"default_layout","footnotes":""},"categories":[17,5],"tags":[2857,311],"class_list":["post-44827","post","type-post","status-publish","format-standard","has-post-thumbnail","hentry","category-destacadas","category-moron","tag-leonardo-nardini","tag-lucas-ghi"],"_links":{"self":[{"href":"https:\/\/sectorprensa.com.ar\/index.php?rest_route=\/wp\/v2\/posts\/44827","targetHints":{"allow":["GET"]}}],"collection":[{"href":"https:\/\/sectorprensa.com.ar\/index.php?rest_route=\/wp\/v2\/posts"}],"about":[{"href":"https:\/\/sectorprensa.com.ar\/index.php?rest_route=\/wp\/v2\/types\/post"}],"author":[{"embeddable":true,"href":"https:\/\/sectorprensa.com.ar\/index.php?rest_route=\/wp\/v2\/users\/1"}],"replies":[{"embeddable":true,"href":"https:\/\/sectorprensa.com.ar\/index.php?rest_route=%2Fwp%2Fv2%2Fcomments&post=44827"}],"version-history":[{"count":1,"href":"https:\/\/sectorprensa.com.ar\/index.php?rest_route=\/wp\/v2\/posts\/44827\/revisions"}],"predecessor-version":[{"id":44829,"href":"https:\/\/sectorprensa.com.ar\/index.php?rest_route=\/wp\/v2\/posts\/44827\/revisions\/44829"}],"wp:featuredmedia":[{"embeddable":true,"href":"https:\/\/sectorprensa.com.ar\/index.php?rest_route=\/wp\/v2\/media\/44828"}],"wp:attachment":[{"href":"https:\/\/sectorprensa.com.ar\/index.php?rest_route=%2Fwp%2Fv2%2Fmedia&parent=44827"}],"wp:term":[{"taxonomy":"category","embeddable":true,"href":"https:\/\/sectorprensa.com.ar\/index.php?rest_route=%2Fwp%2Fv2%2Fcategories&post=44827"},{"taxonomy":"post_tag","embeddable":true,"href":"https:\/\/sectorprensa.com.ar\/index.php?rest_route=%2Fwp%2Fv2%2Ftags&post=44827"}],"curies":[{"name":"wp","href":"https:\/\/api.w.org\/{rel}","templated":true}]}}