{"id":45061,"date":"2022-06-21T17:38:04","date_gmt":"2022-06-21T20:38:04","guid":{"rendered":"https:\/\/sectorprensa.com.ar\/?p=45061"},"modified":"2022-06-21T17:38:04","modified_gmt":"2022-06-21T20:38:04","slug":"merlo-finalizo-el-festival-internacional-de-jazz","status":"publish","type":"post","link":"https:\/\/sectorprensa.com.ar\/?p=45061","title":{"rendered":"MERLO: FINALIZ\u00d3 EL FESTIVAL INTERNACIONAL DE JAZZ"},"content":{"rendered":"<h6><strong>Se realizaron tres jornadas a sala llena en el Teatro Municipal de Merlo. Estuvieron presentes grandes exponentes nacionales e internacionales.<\/strong><\/h6>\n<p><!--more--><\/p>\n<p>La quinta edici\u00f3n del Festival Internacional de Jazz de Merlo lleg\u00f3 a su fin. Se llevaron a cabo tres jornadas, del 17 al 19 de junio, en la Sala Enrique Santos Disc\u00e9polo, la entrada fue libre y gratuita. El evento fue organizado por la Secretar\u00eda de Cultura local. Los merlenses disfrutaron de shows, pinturas en vivo, ferias al aire libre y exposiciones.<\/p>\n<p>\u00abEste festival es uno de los m\u00e1s importantes de la Argentina por el nivel de figuras internacionales que llegan al pa\u00eds\u00bb, destac\u00f3 el Subsecretario de Cultura, Federico Picasso. En tanto, su par, Rafael D\u00edaz, sostuvo que \u00abla calidad del espect\u00e1culo que est\u00e1n disfrutando los vecinos de Merlo es para resaltar, al igual que las otras actividades que estamos desarrollando en este marco, como la feria gastron\u00f3mica\u00bb.<\/p>\n<p>Gillespi, uno de los artistas que particip\u00f3 en el evento, expres\u00f3: \u00abEst\u00e1 bueno que se hagan festivales de Jazz, porque es un estilo musical que necesita apoyo de todo el mundo\u00bb. En este sentido, el Director de Dancing Mood Diego Lobos, tambi\u00e9n se\u00f1al\u00f3 que \u00absiempre se trat\u00f3 de una m\u00fasica elitista y abrirlo a la juventud habla muy bien desde lo cultural y la integraci\u00f3n\u00bb.<\/p>\n<p style=\"text-align: center;\">VIERNES 17 DE JUNIO SE PRESENTARON:<\/p>\n<p>URMG (Urquiza \u2013 Romero \u2013 Malosetti \u2013 Giunta)<\/p>\n<p>Pipi Piazzolla Tr\u00edo<\/p>\n<p>West Quintet<\/p>\n<p>Rz Tr\u00edo<\/p>\n<p>Cl\u00ednica Bater\u00eda P. Piazzolla<\/p>\n<p>Cl\u00ednica Saxo C. Michellini<\/p>\n<p style=\"text-align: center;\">S\u00c1BADO 18 DE JUNIO<\/p>\n<p>La Antigua Jazz Band<\/p>\n<p>Merlo Big Band<\/p>\n<p>Creciente Big Band<\/p>\n<p>La Guarnici\u00f3n<\/p>\n<p>Clases de Baile Swing<\/p>\n<p>Marilia Giller Tr\u00edo<\/p>\n<p style=\"text-align: center;\">DOMINGO 19 DE JUNIO<\/p>\n<p>Dancing Mood<\/p>\n<p>Hugo Fattoruso &amp; Albana Barrocas<\/p>\n<p>Gillespi y su banda<\/p>\n<p>La Foca Funk4<\/p>\n<p>Cl\u00ednica Guitarra Juampy Ju\u00e1rez<\/p>\n<p>Jazz en Am\u00e9rica Latina por Marilina Giller<\/p>\n<p>Em Gypsy Jazz<\/p>\n<blockquote class=\"wp-embedded-content\" data-secret=\"36lwTUhS4X\"><p><a href=\"https:\/\/sectorprensa.com.ar\/merlo-se-realizo-la-segunda-edicion-del-master-class-fitness\/\">MERLO: SE REALIZ\u00d3 LA SEGUNDA EDICI\u00d3N DEL MASTER CLASS FITNESS<\/a><\/p><\/blockquote>\n<p><iframe loading=\"lazy\" class=\"wp-embedded-content\" sandbox=\"allow-scripts\" security=\"restricted\" style=\"position: absolute; clip: rect(1px, 1px, 1px, 1px);\" title=\"&#8220;MERLO: SE REALIZ\u00d3 LA SEGUNDA EDICI\u00d3N DEL MASTER CLASS FITNESS&#8221; &#8212; SECTOR PRENSA\" src=\"https:\/\/sectorprensa.com.ar\/merlo-se-realizo-la-segunda-edicion-del-master-class-fitness\/embed\/#?secret=36lwTUhS4X\" data-secret=\"36lwTUhS4X\" width=\"600\" height=\"338\" frameborder=\"0\" marginwidth=\"0\" marginheight=\"0\" scrolling=\"no\"><\/iframe><\/p>\n","protected":false},"excerpt":{"rendered":"<p>Se realizaron tres jornadas a sala llena en el Teatro Municipal de Merlo. Estuvieron presentes grandes exponentes nacionales e internacionales.<\/p>\n","protected":false},"author":1,"featured_media":45062,"comment_status":"closed","ping_status":"open","sticky":false,"template":"","format":"standard","meta":{"colormag_page_container_layout":"default_layout","colormag_page_sidebar_layout":"default_layout","footnotes":""},"categories":[9,17,7],"tags":[5615],"class_list":["post-45061","post","type-post","status-publish","format-standard","has-post-thumbnail","hentry","category-cultura","category-destacadas","category-merlo","tag-festival-internacional-de-jazz"],"_links":{"self":[{"href":"https:\/\/sectorprensa.com.ar\/index.php?rest_route=\/wp\/v2\/posts\/45061","targetHints":{"allow":["GET"]}}],"collection":[{"href":"https:\/\/sectorprensa.com.ar\/index.php?rest_route=\/wp\/v2\/posts"}],"about":[{"href":"https:\/\/sectorprensa.com.ar\/index.php?rest_route=\/wp\/v2\/types\/post"}],"author":[{"embeddable":true,"href":"https:\/\/sectorprensa.com.ar\/index.php?rest_route=\/wp\/v2\/users\/1"}],"replies":[{"embeddable":true,"href":"https:\/\/sectorprensa.com.ar\/index.php?rest_route=%2Fwp%2Fv2%2Fcomments&post=45061"}],"version-history":[{"count":1,"href":"https:\/\/sectorprensa.com.ar\/index.php?rest_route=\/wp\/v2\/posts\/45061\/revisions"}],"predecessor-version":[{"id":45063,"href":"https:\/\/sectorprensa.com.ar\/index.php?rest_route=\/wp\/v2\/posts\/45061\/revisions\/45063"}],"wp:featuredmedia":[{"embeddable":true,"href":"https:\/\/sectorprensa.com.ar\/index.php?rest_route=\/wp\/v2\/media\/45062"}],"wp:attachment":[{"href":"https:\/\/sectorprensa.com.ar\/index.php?rest_route=%2Fwp%2Fv2%2Fmedia&parent=45061"}],"wp:term":[{"taxonomy":"category","embeddable":true,"href":"https:\/\/sectorprensa.com.ar\/index.php?rest_route=%2Fwp%2Fv2%2Fcategories&post=45061"},{"taxonomy":"post_tag","embeddable":true,"href":"https:\/\/sectorprensa.com.ar\/index.php?rest_route=%2Fwp%2Fv2%2Ftags&post=45061"}],"curies":[{"name":"wp","href":"https:\/\/api.w.org\/{rel}","templated":true}]}}