{"id":45101,"date":"2022-06-24T10:30:06","date_gmt":"2022-06-24T13:30:06","guid":{"rendered":"https:\/\/sectorprensa.com.ar\/?p=45101"},"modified":"2022-06-22T15:45:48","modified_gmt":"2022-06-22T18:45:48","slug":"selci-entrego-207-escrituras-a-vecinos-de-hurlingham","status":"publish","type":"post","link":"https:\/\/sectorprensa.com.ar\/?p=45101","title":{"rendered":"SELCI ENTREG\u00d3 207 ESCRITURAS A VECINOS DE HURLINGHAM"},"content":{"rendered":"<h6><strong>\u201cUn paso important\u00edsimo para muchos vecinos que, gracias a un Estado presente, a partir de hoy van a tener la tranquilidad de acceder plenamente al derecho a la vivienda\u201d, expres\u00f3 el intendente.<\/strong><\/h6>\n<p><!--more--><\/p>\n<p>Dami\u00e1n Selci, Intendente de Hurlingham, entreg\u00f3 este mi\u00e9rcoles 207 escrituras de regularizaci\u00f3n dominial (Ley 24.374) a vecinos y vecinas del distrito. Al respecto, el mandatario resalt\u00f3: \u201cCon mucha emoci\u00f3n acompa\u00f1amos la felicidad de 207 familias de Hurlingham que recibieron las escrituras de sus hogares. Un paso important\u00edsimo para muchos vecinos que, gracias a un Estado presente, a partir de hoy van a tener la tranquilidad de acceder plenamente al derecho a la vivienda, hacer reformas, gestionar cr\u00e9ditos y legar a futuras generaciones\u201d.<\/p>\n<p>En una jornada fresca pero con mucha alegr\u00eda por parte de las familias beneficiadas, el Subsecretario de H\u00e1bitat de la Comunidad de la Provincia de Buenos Aires, Arq. Roberto Pascolini, resalt\u00f3 que \u201cse nota una gran gesti\u00f3n del Intendente Selci cuando uno entra a la ciudad\u201d y que gracias a esta ley ya se entregaron casi 200 mil viviendas en toda la provincia.<\/p>\n<blockquote class=\"twitter-tweet\" data-width=\"550\" data-dnt=\"true\">\n<p lang=\"es\" dir=\"ltr\">Un paso important\u00edsimo para muchos vecinos que, gracias a un Estado presente, a partir de hoy van a tener la tranquilidad de acceder plenamente al derecho a la vivienda, hacer reformas, gestionar cr\u00e9ditos y legar a futuras generaciones. \u00a1Felicitaciones para todas y todos!<\/p>\n<p>&mdash; Dami\u00e1n Selci (@DamianSelci) <a href=\"https:\/\/twitter.com\/DamianSelci\/status\/1539649843622076416?ref_src=twsrc%5Etfw\">June 22, 2022<\/a><\/p><\/blockquote>\n<p><script async src=\"https:\/\/platform.twitter.com\/widgets.js\" charset=\"utf-8\"><\/script><\/p>\n<p>Hilda, una de las beneficiarias, cont\u00f3 que inici\u00f3 el tr\u00e1mite en 2008. \u201cMi pap\u00e1 ya no est\u00e1 con nosotros pero esto es algo muy importante para m\u00ed y mi familia\u201d, remarc\u00f3. La entrega de las escrituras llega en un momento de incesantes cambios en una ciudad que se transforma d\u00eda a d\u00eda y que vive en la actualidad un pico hist\u00f3rico de obras que busca revalorizar al distrito con un mejor sistema de salud (gracias a la construcci\u00f3n de un nuevo hospital), la megaobra que transformar\u00e1 la Av. Vergara y decenas de obras de cloacas y agua potable que se desarrollan en simult\u00e1neo por toda la ciudad.<\/p>\n<p>Al final del acto, Selci adelant\u00f3 la firma de un pr\u00e9stamo con el BICE (Banco de Inversi\u00f3n y Comercio Exterior) para la adquisici\u00f3n de nuevos patrulleros. En materia de seguridad, la obra que arrancar\u00e1 pr\u00f3ximamente en Av. Vergara prev\u00e9 la instalaci\u00f3n de nuevas paradas seguras y 50 c\u00e1maras de vigilancia.<\/p>\n<blockquote class=\"wp-embedded-content\" data-secret=\"5vJPuIbbqZ\"><p><a href=\"https:\/\/sectorprensa.com.ar\/hurlingham-segura-nuevo-operativo-de-saturacion-policial-en-tesei\/\">HURLINGHAM SEGURA: NUEVO OPERATIVO DE SATURACI\u00d3N POLICIAL EN TESEI<\/a><\/p><\/blockquote>\n<p><iframe loading=\"lazy\" class=\"wp-embedded-content\" sandbox=\"allow-scripts\" security=\"restricted\" style=\"position: absolute; clip: rect(1px, 1px, 1px, 1px);\" title=\"&#8220;HURLINGHAM SEGURA: NUEVO OPERATIVO DE SATURACI\u00d3N POLICIAL EN TESEI&#8221; &#8212; SECTOR PRENSA\" src=\"https:\/\/sectorprensa.com.ar\/hurlingham-segura-nuevo-operativo-de-saturacion-policial-en-tesei\/embed\/#?secret=5vJPuIbbqZ\" data-secret=\"5vJPuIbbqZ\" width=\"600\" height=\"338\" frameborder=\"0\" marginwidth=\"0\" marginheight=\"0\" scrolling=\"no\"><\/iframe><\/p>\n","protected":false},"excerpt":{"rendered":"<p>\u201cUn paso important\u00edsimo para muchos vecinos que, gracias a un Estado presente, a partir de hoy van a tener la<\/p>\n","protected":false},"author":1,"featured_media":45102,"comment_status":"closed","ping_status":"open","sticky":false,"template":"","format":"standard","meta":{"colormag_page_container_layout":"default_layout","colormag_page_sidebar_layout":"default_layout","footnotes":""},"categories":[17,6,1173,10],"tags":[5400,606],"class_list":["post-45101","post","type-post","status-publish","format-standard","has-post-thumbnail","hentry","category-destacadas","category-hurlingham","category-municipales","category-sociedad","tag-damian-selci","tag-escrituras"],"_links":{"self":[{"href":"https:\/\/sectorprensa.com.ar\/index.php?rest_route=\/wp\/v2\/posts\/45101","targetHints":{"allow":["GET"]}}],"collection":[{"href":"https:\/\/sectorprensa.com.ar\/index.php?rest_route=\/wp\/v2\/posts"}],"about":[{"href":"https:\/\/sectorprensa.com.ar\/index.php?rest_route=\/wp\/v2\/types\/post"}],"author":[{"embeddable":true,"href":"https:\/\/sectorprensa.com.ar\/index.php?rest_route=\/wp\/v2\/users\/1"}],"replies":[{"embeddable":true,"href":"https:\/\/sectorprensa.com.ar\/index.php?rest_route=%2Fwp%2Fv2%2Fcomments&post=45101"}],"version-history":[{"count":1,"href":"https:\/\/sectorprensa.com.ar\/index.php?rest_route=\/wp\/v2\/posts\/45101\/revisions"}],"predecessor-version":[{"id":45103,"href":"https:\/\/sectorprensa.com.ar\/index.php?rest_route=\/wp\/v2\/posts\/45101\/revisions\/45103"}],"wp:featuredmedia":[{"embeddable":true,"href":"https:\/\/sectorprensa.com.ar\/index.php?rest_route=\/wp\/v2\/media\/45102"}],"wp:attachment":[{"href":"https:\/\/sectorprensa.com.ar\/index.php?rest_route=%2Fwp%2Fv2%2Fmedia&parent=45101"}],"wp:term":[{"taxonomy":"category","embeddable":true,"href":"https:\/\/sectorprensa.com.ar\/index.php?rest_route=%2Fwp%2Fv2%2Fcategories&post=45101"},{"taxonomy":"post_tag","embeddable":true,"href":"https:\/\/sectorprensa.com.ar\/index.php?rest_route=%2Fwp%2Fv2%2Ftags&post=45101"}],"curies":[{"name":"wp","href":"https:\/\/api.w.org\/{rel}","templated":true}]}}