{"id":45159,"date":"2022-06-28T08:00:21","date_gmt":"2022-06-28T11:00:21","guid":{"rendered":"https:\/\/sectorprensa.com.ar\/?p=45159"},"modified":"2022-06-26T19:42:55","modified_gmt":"2022-06-26T22:42:55","slug":"1000-dias-el-programa-que-acompana-a-madres-y-ninos-de-vicente-lopez","status":"publish","type":"post","link":"https:\/\/sectorprensa.com.ar\/?p=45159","title":{"rendered":"1000 D\u00cdAS: EL PROGRAMA QUE ACOMPA\u00d1A A MADRES Y NI\u00d1OS DE VICENTE L\u00d3PEZ"},"content":{"rendered":"<h6><strong>Est\u00e1 destinado a las familias vulnerables del partido y tiene como objetivo garantizar la salud integral de las mujeres embarazadas, las personas gestantes y los ni\u00f1os y ni\u00f1as de 0 a 3 a\u00f1os.<\/strong><\/h6>\n<p><!--more--><\/p>\n<p>La Intendenta de Vicente L\u00f3pez, Soledad Mart\u00ednez, present\u00f3 el programa 1000 D\u00edas en el Centro Barrial de Infancias \u201cLas Flores\u201d de Villa Martelli.<\/p>\n<p>El Programa 1000 D\u00edas est\u00e1 destinado a las familias vulnerables del partido y tiene como objetivo garantizar la salud integral de las mujeres embarazadas, las personas gestantes y los ni\u00f1os y ni\u00f1as de 0 a 3 a\u00f1os. Actualmente, se desarrolla en el CBI \u201cLas Flores\u201d y est\u00e1 compuesto por m\u00e1s de 35 familias.<\/p>\n<p>Los profesionales del programa realizan diversas actividades de formaci\u00f3n y capacitaci\u00f3n, bas\u00e1ndose en siete ejes principales: vinculaci\u00f3n; familia; etapas evolutivas; desarrollo psicomotor; ESI; crianza respetuosa; y ni\u00f1os como sujetos de derecho.<\/p>\n<p>En relaci\u00f3n con esto, la jefa comunal expres\u00f3: \u201cEl programa tiene un objetivo muy claro que es guiar y acompa\u00f1ar a mam\u00e1s primerizas de barrios vulnerables y a sus hijos en los primeros 1000 d\u00edas de vida. Poder acompa\u00f1arlas, guiarlas a ellas en nutrici\u00f3n, en el desarrollo de los chicos y tambi\u00e9n en el cuidado de cada mam\u00e1\u201d.<\/p>\n<p>\u201cEstoy muy contenta que desde Vicente L\u00f3pez podamos seguir impulsando el desarrollo de los m\u00e1s chicos\u201d, concluy\u00f3 Soledad Mart\u00ednez.<\/p>\n<blockquote class=\"wp-embedded-content\" data-secret=\"cu0XPh40Yr\"><p><a href=\"https:\/\/sectorprensa.com.ar\/vicente-lopez-nuevo-taller-gratuito-de-rcp-y-primeros-auxilios\/\">VICENTE L\u00d3PEZ: NUEVO TALLER GRATUITO DE RCP Y PRIMEROS AUXILIOS<\/a><\/p><\/blockquote>\n<p><iframe loading=\"lazy\" class=\"wp-embedded-content\" sandbox=\"allow-scripts\" security=\"restricted\" style=\"position: absolute; clip: rect(1px, 1px, 1px, 1px);\" title=\"&#8220;VICENTE L\u00d3PEZ: NUEVO TALLER GRATUITO DE RCP Y PRIMEROS AUXILIOS&#8221; &#8212; SECTOR PRENSA\" src=\"https:\/\/sectorprensa.com.ar\/vicente-lopez-nuevo-taller-gratuito-de-rcp-y-primeros-auxilios\/embed\/#?secret=cu0XPh40Yr\" data-secret=\"cu0XPh40Yr\" width=\"600\" height=\"338\" frameborder=\"0\" marginwidth=\"0\" marginheight=\"0\" scrolling=\"no\"><\/iframe><\/p>\n","protected":false},"excerpt":{"rendered":"<p>Est\u00e1 destinado a las familias vulnerables del partido y tiene como objetivo garantizar la salud integral de las mujeres embarazadas,<\/p>\n","protected":false},"author":1,"featured_media":45160,"comment_status":"closed","ping_status":"open","sticky":false,"template":"","format":"standard","meta":{"colormag_page_container_layout":"default_layout","colormag_page_sidebar_layout":"default_layout","footnotes":""},"categories":[17,1173,10],"tags":[6628,5785,4162],"class_list":["post-45159","post","type-post","status-publish","format-standard","has-post-thumbnail","hentry","category-destacadas","category-municipales","category-sociedad","tag-1000-dias","tag-soledad-martinez","tag-vicente-lopez"],"_links":{"self":[{"href":"https:\/\/sectorprensa.com.ar\/index.php?rest_route=\/wp\/v2\/posts\/45159","targetHints":{"allow":["GET"]}}],"collection":[{"href":"https:\/\/sectorprensa.com.ar\/index.php?rest_route=\/wp\/v2\/posts"}],"about":[{"href":"https:\/\/sectorprensa.com.ar\/index.php?rest_route=\/wp\/v2\/types\/post"}],"author":[{"embeddable":true,"href":"https:\/\/sectorprensa.com.ar\/index.php?rest_route=\/wp\/v2\/users\/1"}],"replies":[{"embeddable":true,"href":"https:\/\/sectorprensa.com.ar\/index.php?rest_route=%2Fwp%2Fv2%2Fcomments&post=45159"}],"version-history":[{"count":4,"href":"https:\/\/sectorprensa.com.ar\/index.php?rest_route=\/wp\/v2\/posts\/45159\/revisions"}],"predecessor-version":[{"id":45220,"href":"https:\/\/sectorprensa.com.ar\/index.php?rest_route=\/wp\/v2\/posts\/45159\/revisions\/45220"}],"wp:featuredmedia":[{"embeddable":true,"href":"https:\/\/sectorprensa.com.ar\/index.php?rest_route=\/wp\/v2\/media\/45160"}],"wp:attachment":[{"href":"https:\/\/sectorprensa.com.ar\/index.php?rest_route=%2Fwp%2Fv2%2Fmedia&parent=45159"}],"wp:term":[{"taxonomy":"category","embeddable":true,"href":"https:\/\/sectorprensa.com.ar\/index.php?rest_route=%2Fwp%2Fv2%2Fcategories&post=45159"},{"taxonomy":"post_tag","embeddable":true,"href":"https:\/\/sectorprensa.com.ar\/index.php?rest_route=%2Fwp%2Fv2%2Ftags&post=45159"}],"curies":[{"name":"wp","href":"https:\/\/api.w.org\/{rel}","templated":true}]}}