{"id":45201,"date":"2022-06-27T10:00:41","date_gmt":"2022-06-27T13:00:41","guid":{"rendered":"https:\/\/sectorprensa.com.ar\/?p=45201"},"modified":"2022-06-26T16:12:49","modified_gmt":"2022-06-26T19:12:49","slug":"hurlingham-selci-les-tomo-la-promesa-a-la-bandera-a-alumnos","status":"publish","type":"post","link":"https:\/\/sectorprensa.com.ar\/?p=45201","title":{"rendered":"HURLINGHAM: SELCI LES TOM\u00d3 LA PROMESA A LA BANDERA A ALUMNOS"},"content":{"rendered":"<h6><strong>M\u00e1s de 1200 alumnos de 33 escuelas del distrito participaron del acto en el Estadio Municipal.<\/strong><\/h6>\n<p><!--more--><\/p>\n<p>El viernes por la ma\u00f1ana, el Intendente de Hurlingham, Dami\u00e1n Selci, encabez\u00f3 el acto en el Estadio Municipal en el cual alumnos de 4to Grado de todo el distrito prometieron lealtad a la Bandera nacional. \u201cCompartimos la alegr\u00eda de m\u00e1s de 1200 chicos y chicas de escuelas primarias de nuestra ciudad que hoy prometieron lealtad a nuestra bandera argentina acompa\u00f1ados de sus familias y docentes\u201d, destac\u00f3 el mandatario.<\/p>\n<p>Adem\u00e1s, resalt\u00f3 que \u201ceste acto es posible gracias a la maravillosa comunidad educativa de Hurlingham, que sostuvo la continuidad pedag\u00f3gica durante estos dos a\u00f1os para que nuestros chicos no se alejen de las aulas y que hoy puedan finalmente decir: `S\u00ed, prometo\u2019\u201d.<\/p>\n<blockquote class=\"twitter-tweet\" data-width=\"550\" data-dnt=\"true\">\n<p lang=\"es\" dir=\"ltr\">S\u00cd, PROMETO! ??\u2764\ufe0f<\/p>\n<p>Felicitamos a los m\u00e1s de 1.200 chicos de escuelas primarias de Hurlingham que prometieron lealtad a la bandera nacional, acompa\u00f1ados del intendente <a href=\"https:\/\/twitter.com\/DamianSelci?ref_src=twsrc%5Etfw\">@DamianSelci<\/a>.<\/p>\n<p>Compartimos un d\u00eda de mucha emoci\u00f3n y alegr\u00eda! ??? <a href=\"https:\/\/t.co\/dJSLodlSHh\">pic.twitter.com\/dJSLodlSHh<\/a><\/p>\n<p>&mdash; Hurlingham Municipio (@MuniHurlingham) <a href=\"https:\/\/twitter.com\/MuniHurlingham\/status\/1540753287372316672?ref_src=twsrc%5Etfw\">June 25, 2022<\/a><\/p><\/blockquote>\n<p><script async src=\"https:\/\/platform.twitter.com\/widgets.js\" charset=\"utf-8\"><\/script><\/p>\n<p>\u201cLa bandera es finalmente la Patria. Es la s\u00e1bana con la cual nos cubrimos para defendernos y protegernos. La Bandera es la que portaron con orgullo nuestros veteranos, ex combatientes de Malvinas que hoy nos acompa\u00f1an. Un vigoroso ejemplo de memoria, coraje y valor\u201d, recalc\u00f3 Selci.<\/p>\n<p>En un clima de emoci\u00f3n, de la promesa participaron casi 1200 alumnos de 4to Grado que representan a 33 escuelas del distrito. Adem\u00e1s, asistieron los 99 abanderados de cada establecimiento. La Sinf\u00f3nica de la Polic\u00eda Bonaerense fue la encargada de interpretar el Himno Nacional y la Marcha de la Bandera.<\/p>\n<p>La conducci\u00f3n estelar estuvo a cargo del ex arquero Sergio Goycochea, quien con su impronta anim\u00f3 a los alumnos. Por otra parte, el Centro de Veteranos y ex Combatientes de Malvinas se encarg\u00f3 de convidar 200 litros de chocolate y churros para calentar la ma\u00f1ana y acompa\u00f1ar el desfile de los alumnos sobre Av. Pedro D\u00edaz.<\/p>\n<blockquote class=\"wp-embedded-content\" data-secret=\"YQvkrWGIt5\"><p><a href=\"https:\/\/sectorprensa.com.ar\/selci-entrego-207-escrituras-a-vecinos-de-hurlingham\/\">SELCI ENTREG\u00d3 207 ESCRITURAS A VECINOS DE HURLINGHAM<\/a><\/p><\/blockquote>\n<p><iframe loading=\"lazy\" class=\"wp-embedded-content\" sandbox=\"allow-scripts\" security=\"restricted\" style=\"position: absolute; clip: rect(1px, 1px, 1px, 1px);\" title=\"&#8220;SELCI ENTREG\u00d3 207 ESCRITURAS A VECINOS DE HURLINGHAM&#8221; &#8212; SECTOR PRENSA\" src=\"https:\/\/sectorprensa.com.ar\/selci-entrego-207-escrituras-a-vecinos-de-hurlingham\/embed\/#?secret=YQvkrWGIt5\" data-secret=\"YQvkrWGIt5\" width=\"600\" height=\"338\" frameborder=\"0\" marginwidth=\"0\" marginheight=\"0\" scrolling=\"no\"><\/iframe><\/p>\n","protected":false},"excerpt":{"rendered":"<p>M\u00e1s de 1200 alumnos de 33 escuelas del distrito participaron del acto en el Estadio Municipal.<\/p>\n","protected":false},"author":1,"featured_media":45202,"comment_status":"closed","ping_status":"open","sticky":false,"template":"","format":"video","meta":{"colormag_page_container_layout":"default_layout","colormag_page_sidebar_layout":"default_layout","footnotes":""},"categories":[17,6,1173,10],"tags":[1637,5400,6627],"class_list":["post-45201","post","type-post","status-publish","format-video","has-post-thumbnail","hentry","category-destacadas","category-hurlingham","category-municipales","category-sociedad","tag-alumnos","tag-damian-selci","tag-juramento-a-la-bandera","post_format-post-format-video"],"_links":{"self":[{"href":"https:\/\/sectorprensa.com.ar\/index.php?rest_route=\/wp\/v2\/posts\/45201","targetHints":{"allow":["GET"]}}],"collection":[{"href":"https:\/\/sectorprensa.com.ar\/index.php?rest_route=\/wp\/v2\/posts"}],"about":[{"href":"https:\/\/sectorprensa.com.ar\/index.php?rest_route=\/wp\/v2\/types\/post"}],"author":[{"embeddable":true,"href":"https:\/\/sectorprensa.com.ar\/index.php?rest_route=\/wp\/v2\/users\/1"}],"replies":[{"embeddable":true,"href":"https:\/\/sectorprensa.com.ar\/index.php?rest_route=%2Fwp%2Fv2%2Fcomments&post=45201"}],"version-history":[{"count":2,"href":"https:\/\/sectorprensa.com.ar\/index.php?rest_route=\/wp\/v2\/posts\/45201\/revisions"}],"predecessor-version":[{"id":45204,"href":"https:\/\/sectorprensa.com.ar\/index.php?rest_route=\/wp\/v2\/posts\/45201\/revisions\/45204"}],"wp:featuredmedia":[{"embeddable":true,"href":"https:\/\/sectorprensa.com.ar\/index.php?rest_route=\/wp\/v2\/media\/45202"}],"wp:attachment":[{"href":"https:\/\/sectorprensa.com.ar\/index.php?rest_route=%2Fwp%2Fv2%2Fmedia&parent=45201"}],"wp:term":[{"taxonomy":"category","embeddable":true,"href":"https:\/\/sectorprensa.com.ar\/index.php?rest_route=%2Fwp%2Fv2%2Fcategories&post=45201"},{"taxonomy":"post_tag","embeddable":true,"href":"https:\/\/sectorprensa.com.ar\/index.php?rest_route=%2Fwp%2Fv2%2Ftags&post=45201"}],"curies":[{"name":"wp","href":"https:\/\/api.w.org\/{rel}","templated":true}]}}