{"id":45224,"date":"2022-06-28T09:30:12","date_gmt":"2022-06-28T12:30:12","guid":{"rendered":"https:\/\/sectorprensa.com.ar\/?p=45224"},"modified":"2022-06-27T13:05:19","modified_gmt":"2022-06-27T16:05:19","slug":"entradera-en-lomas-del-mirador-robaron-dinero-y-hasta-el-asado-del-dia-anterior","status":"publish","type":"post","link":"https:\/\/sectorprensa.com.ar\/?p=45224","title":{"rendered":"ENTRADERA EN LOMAS DEL MIRADOR: ROBARON DINERO Y HASTA EL ASADO DEL D\u00cdA ANTERIOR"},"content":{"rendered":"<h6><strong>Ocurri\u00f3 este lunes por la madrugada. Fue cuando una familia arribaba a su casa de esa localidad del partido de La Matanza.\u00a0<\/strong><\/h6>\n<p><!--more--><\/p>\n<p>De una violenta entradera fue v\u00edctima una familia al arribar a su casa en Lomas del Mirador donde cinco delincuentes armados ingresaron con ellos, revolvieron todo el lugar, robaron dinero en efectivo y computadoras y hasta se llevaron el asado del d\u00eda anterior.<\/p>\n<p>El hecho ocurri\u00f3 alrededor de las 3.30 de la madrugada de este lunes en una vivienda de la calle Venancio Flores al 500 de la mencionada localidad del partido de La Matanza.<\/p>\n<blockquote class=\"twitter-tweet\" data-width=\"550\" data-dnt=\"true\">\n<p lang=\"es\" dir=\"ltr\">?| Violento robo en una vivienda de <a href=\"https:\/\/twitter.com\/hashtag\/LomasDelMirador?src=hash&amp;ref_src=twsrc%5Etfw\">#LomasDelMirador<\/a>&#8211;<a href=\"https:\/\/twitter.com\/hashtag\/LaMatanza?src=hash&amp;ref_src=twsrc%5Etfw\">#LaMatanza<\/a>: Delincuentes ingresaron a una vivienda de calle Venancio Flores al 500, revolvieron todo y se llevaron una computadora, dinero en efectivo y hasta el asado que comieron el d\u00eda anterior <a href=\"https:\/\/t.co\/SGgNTG2G1L\">pic.twitter.com\/SGgNTG2G1L<\/a><\/p>\n<p>&mdash; ANDigital (@ANDigitalOK) <a href=\"https:\/\/twitter.com\/ANDigitalOK\/status\/1541421835279114243?ref_src=twsrc%5Etfw\">June 27, 2022<\/a><\/p><\/blockquote>\n<p><script async src=\"https:\/\/platform.twitter.com\/widgets.js\" charset=\"utf-8\"><\/script><\/p>\n<p>All\u00ed los moradores fueron interceptados por los ladrones quienes apenas ingresaron comenzaron a exigir dinero en efectivo y les entregaron una suma que rondaba los 90 mil pesos, pero como quer\u00edan m\u00e1s revolvieron todo el lugar y rompieron lo que encontraron a su paso.<\/p>\n<p>Luego de estar m\u00e1s de una hora decidieron retirarse y se llevaron esa plata, un par de computadoras, unas milanesas que guardaban en el freezer y el asado que ten\u00edan guardado del d\u00eda anterior, pero no los tel\u00e9fonos celulares, algo que llam\u00f3 la atenci\u00f3n de las v\u00edctimas.<\/p>\n<p>Una vez que los delincuentes huyeron, la due\u00f1a decidi\u00f3 filmar el estado en el que qued\u00f3 su vivienda y el destrozo fue total.<\/p>\n<blockquote class=\"wp-embedded-content\" data-secret=\"D6dUX1vtpQ\"><p><a href=\"https:\/\/sectorprensa.com.ar\/video-comerciante-mato-a-ladron-que-le-habia-robado-una-camioneta-a-su-amigo\/\">[VIDEO] COMERCIANTE MAT\u00d3 A LADR\u00d3N QUE LE HAB\u00cdA ROBADO LA CAMIONETA A SU AMIGO<\/a><\/p><\/blockquote>\n<p><iframe loading=\"lazy\" class=\"wp-embedded-content\" sandbox=\"allow-scripts\" security=\"restricted\" style=\"position: absolute; clip: rect(1px, 1px, 1px, 1px);\" title=\"&#8220;[VIDEO] COMERCIANTE MAT\u00d3 A LADR\u00d3N QUE LE HAB\u00cdA ROBADO LA CAMIONETA A SU AMIGO&#8221; &#8212; SECTOR PRENSA\" src=\"https:\/\/sectorprensa.com.ar\/video-comerciante-mato-a-ladron-que-le-habia-robado-una-camioneta-a-su-amigo\/embed\/#?secret=D6dUX1vtpQ\" data-secret=\"D6dUX1vtpQ\" width=\"600\" height=\"338\" frameborder=\"0\" marginwidth=\"0\" marginheight=\"0\" scrolling=\"no\"><\/iframe><\/p>\n","protected":false},"excerpt":{"rendered":"<p>Ocurri\u00f3 este lunes por la madrugada. Fue cuando una familia arribaba a su casa de esa localidad del partido de<\/p>\n","protected":false},"author":1,"featured_media":45225,"comment_status":"closed","ping_status":"open","sticky":false,"template":"","format":"standard","meta":{"colormag_page_container_layout":"default_layout","colormag_page_sidebar_layout":"default_layout","footnotes":""},"categories":[17,12],"tags":[165,1540,767,3970,74],"class_list":["post-45224","post","type-post","status-publish","format-standard","has-post-thumbnail","hentry","category-destacadas","category-policiales","tag-delincuentes","tag-entradera","tag-la-matanza","tag-lomas-del-mirador","tag-robo"],"_links":{"self":[{"href":"https:\/\/sectorprensa.com.ar\/index.php?rest_route=\/wp\/v2\/posts\/45224","targetHints":{"allow":["GET"]}}],"collection":[{"href":"https:\/\/sectorprensa.com.ar\/index.php?rest_route=\/wp\/v2\/posts"}],"about":[{"href":"https:\/\/sectorprensa.com.ar\/index.php?rest_route=\/wp\/v2\/types\/post"}],"author":[{"embeddable":true,"href":"https:\/\/sectorprensa.com.ar\/index.php?rest_route=\/wp\/v2\/users\/1"}],"replies":[{"embeddable":true,"href":"https:\/\/sectorprensa.com.ar\/index.php?rest_route=%2Fwp%2Fv2%2Fcomments&post=45224"}],"version-history":[{"count":1,"href":"https:\/\/sectorprensa.com.ar\/index.php?rest_route=\/wp\/v2\/posts\/45224\/revisions"}],"predecessor-version":[{"id":45226,"href":"https:\/\/sectorprensa.com.ar\/index.php?rest_route=\/wp\/v2\/posts\/45224\/revisions\/45226"}],"wp:featuredmedia":[{"embeddable":true,"href":"https:\/\/sectorprensa.com.ar\/index.php?rest_route=\/wp\/v2\/media\/45225"}],"wp:attachment":[{"href":"https:\/\/sectorprensa.com.ar\/index.php?rest_route=%2Fwp%2Fv2%2Fmedia&parent=45224"}],"wp:term":[{"taxonomy":"category","embeddable":true,"href":"https:\/\/sectorprensa.com.ar\/index.php?rest_route=%2Fwp%2Fv2%2Fcategories&post=45224"},{"taxonomy":"post_tag","embeddable":true,"href":"https:\/\/sectorprensa.com.ar\/index.php?rest_route=%2Fwp%2Fv2%2Ftags&post=45224"}],"curies":[{"name":"wp","href":"https:\/\/api.w.org\/{rel}","templated":true}]}}