{"id":45677,"date":"2022-07-10T17:57:49","date_gmt":"2022-07-10T20:57:49","guid":{"rendered":"https:\/\/sectorprensa.com.ar\/?p=45677"},"modified":"2022-07-10T17:57:49","modified_gmt":"2022-07-10T20:57:49","slug":"racing-se-quedo-con-el-clasico-de-avellaneda","status":"publish","type":"post","link":"https:\/\/sectorprensa.com.ar\/?p=45677","title":{"rendered":"RACING SE QUED\u00d3 CON EL CL\u00c1SICO DE AVELLANEDA"},"content":{"rendered":"<h6><strong>Con un gol de chilena, la Academia se impuso ante Independiente por 1 a 0 en condici\u00f3n de local y se prende en la lucha por el torneo.<\/strong><\/h6>\n<p><!--more--><\/p>\n<p>Avellaneda se ti\u00f1\u00f3 de celeste y blanco. En el Juan Domingo Per\u00f3n (El Cilindro), Racing derrot\u00f3 a Independiente 1-0 y se qued\u00f3 con el cl\u00e1sico, en el marco de la fecha 7 de la Liga Profesional. El gol lo convirti\u00f3 Gabriel Hauche, de chilena. Adem\u00e1s, Enzo Copetti estrell\u00f3 un penal en el palo. La Academia qued\u00f3 tercero, a dos del l\u00edder Newell\u00b4s.<\/p>\n<p><iframe loading=\"lazy\" title=\"\u00a1LA ACADEMIA DE GAGO SE QUED\u00d3 CON EL CL\u00c1SICO DE AVELLANEDA! | Racing 1-0 Independiente | RESUMEN\" width=\"800\" height=\"450\" src=\"https:\/\/www.youtube.com\/embed\/OY0o0bkMB-A?feature=oembed\" frameborder=\"0\" allow=\"accelerometer; autoplay; clipboard-write; encrypted-media; gyroscope; picture-in-picture\" allowfullscreen><\/iframe><\/p>\n","protected":false},"excerpt":{"rendered":"<p>Con un gol de chilena, la Academia se impuso ante Independiente por 1 a 0 en condici\u00f3n de local y<\/p>\n","protected":false},"author":1,"featured_media":45678,"comment_status":"closed","ping_status":"open","sticky":false,"template":"","format":"standard","meta":{"colormag_page_container_layout":"default_layout","colormag_page_sidebar_layout":"default_layout","footnotes":""},"categories":[11],"tags":[],"class_list":["post-45677","post","type-post","status-publish","format-standard","has-post-thumbnail","hentry","category-deportes"],"_links":{"self":[{"href":"https:\/\/sectorprensa.com.ar\/index.php?rest_route=\/wp\/v2\/posts\/45677","targetHints":{"allow":["GET"]}}],"collection":[{"href":"https:\/\/sectorprensa.com.ar\/index.php?rest_route=\/wp\/v2\/posts"}],"about":[{"href":"https:\/\/sectorprensa.com.ar\/index.php?rest_route=\/wp\/v2\/types\/post"}],"author":[{"embeddable":true,"href":"https:\/\/sectorprensa.com.ar\/index.php?rest_route=\/wp\/v2\/users\/1"}],"replies":[{"embeddable":true,"href":"https:\/\/sectorprensa.com.ar\/index.php?rest_route=%2Fwp%2Fv2%2Fcomments&post=45677"}],"version-history":[{"count":1,"href":"https:\/\/sectorprensa.com.ar\/index.php?rest_route=\/wp\/v2\/posts\/45677\/revisions"}],"predecessor-version":[{"id":45679,"href":"https:\/\/sectorprensa.com.ar\/index.php?rest_route=\/wp\/v2\/posts\/45677\/revisions\/45679"}],"wp:featuredmedia":[{"embeddable":true,"href":"https:\/\/sectorprensa.com.ar\/index.php?rest_route=\/wp\/v2\/media\/45678"}],"wp:attachment":[{"href":"https:\/\/sectorprensa.com.ar\/index.php?rest_route=%2Fwp%2Fv2%2Fmedia&parent=45677"}],"wp:term":[{"taxonomy":"category","embeddable":true,"href":"https:\/\/sectorprensa.com.ar\/index.php?rest_route=%2Fwp%2Fv2%2Fcategories&post=45677"},{"taxonomy":"post_tag","embeddable":true,"href":"https:\/\/sectorprensa.com.ar\/index.php?rest_route=%2Fwp%2Fv2%2Ftags&post=45677"}],"curies":[{"name":"wp","href":"https:\/\/api.w.org\/{rel}","templated":true}]}}