{"id":45743,"date":"2022-07-14T07:30:49","date_gmt":"2022-07-14T10:30:49","guid":{"rendered":"https:\/\/sectorprensa.com.ar\/?p=45743"},"modified":"2022-07-13T16:29:29","modified_gmt":"2022-07-13T19:29:29","slug":"vacaciones-de-invierno-circo-en-el-predio-del-nuevo-moreno-antiguo","status":"publish","type":"post","link":"https:\/\/sectorprensa.com.ar\/?p=45743","title":{"rendered":"VACACIONES DE INVIERNO: CIRCO EN EL PREDIO DEL NUEVO MORENO ANTIGUO"},"content":{"rendered":"<h6 style=\"font-weight: 400;\"><strong>Habr\u00e1 dos funciones gratuitas por d\u00eda durante todo el receso escolar de invierno: de 15 a 16 y de 17 a 18 horas.<\/strong><\/h6>\n<p><!--more--><\/p>\n<p style=\"font-weight: 400;\">El Municipio de Moreno\u00a0invita a disfrutar a grandes, chicos y chicas del show de VacaCirco, que estar\u00e1 present\u00e1ndose el d\u00eda\u00a018 al 31 de julio, en el predio del\u00a0Nuevo Moreno Antiguo\u00a0(Av. Libertador y Molina Campos) en los horarios:\u00a0de 15 a 16 horas y de 17 a 18 horas.<\/p>\n<p style=\"font-weight: 400;\">El show se desarrollar\u00e1 dentro de la carpa, y paralelamente en el predio habr\u00e1 actividades deportivas y recreativas, puestos de pochoclo, maquillaje art\u00edstico, back de fotos, entre otras actividades para toda la familia.<\/p>\n<p style=\"font-weight: 400;\">Las entradas para el show se retiran en el predio, una hora antes de cada funci\u00f3n.<\/p>\n<blockquote class=\"wp-embedded-content\" data-secret=\"iz7w12HP5i\"><p><a href=\"https:\/\/sectorprensa.com.ar\/moreno-campana-de-prevencion-y-promocion-de-infecciones-respiratorias-en-ninos\/\">MORENO: CAMPA\u00d1A DE PREVENCI\u00d3N Y PROMOCI\u00d3N DE INFECCIONES RESPIRATORIAS EN NI\u00d1OS<\/a><\/p><\/blockquote>\n<p><iframe loading=\"lazy\" class=\"wp-embedded-content\" sandbox=\"allow-scripts\" security=\"restricted\" style=\"position: absolute; clip: rect(1px, 1px, 1px, 1px);\" title=\"&#8220;MORENO: CAMPA\u00d1A DE PREVENCI\u00d3N Y PROMOCI\u00d3N DE INFECCIONES RESPIRATORIAS EN NI\u00d1OS&#8221; &#8212; SECTOR PRENSA\" src=\"https:\/\/sectorprensa.com.ar\/moreno-campana-de-prevencion-y-promocion-de-infecciones-respiratorias-en-ninos\/embed\/#?secret=iz7w12HP5i\" data-secret=\"iz7w12HP5i\" width=\"600\" height=\"338\" frameborder=\"0\" marginwidth=\"0\" marginheight=\"0\" scrolling=\"no\"><\/iframe><\/p>\n","protected":false},"excerpt":{"rendered":"<p>Habr\u00e1 dos funciones gratuitas por d\u00eda durante todo el receso escolar de invierno: de 15 a 16 y de 17<\/p>\n","protected":false},"author":1,"featured_media":45744,"comment_status":"closed","ping_status":"open","sticky":false,"template":"","format":"standard","meta":{"colormag_page_container_layout":"default_layout","colormag_page_sidebar_layout":"default_layout","footnotes":""},"categories":[17,2154,1173,10],"tags":[2030],"class_list":["post-45743","post","type-post","status-publish","format-standard","has-post-thumbnail","hentry","category-destacadas","category-moreno","category-municipales","category-sociedad","tag-vacaciones-de-invierno"],"_links":{"self":[{"href":"https:\/\/sectorprensa.com.ar\/index.php?rest_route=\/wp\/v2\/posts\/45743","targetHints":{"allow":["GET"]}}],"collection":[{"href":"https:\/\/sectorprensa.com.ar\/index.php?rest_route=\/wp\/v2\/posts"}],"about":[{"href":"https:\/\/sectorprensa.com.ar\/index.php?rest_route=\/wp\/v2\/types\/post"}],"author":[{"embeddable":true,"href":"https:\/\/sectorprensa.com.ar\/index.php?rest_route=\/wp\/v2\/users\/1"}],"replies":[{"embeddable":true,"href":"https:\/\/sectorprensa.com.ar\/index.php?rest_route=%2Fwp%2Fv2%2Fcomments&post=45743"}],"version-history":[{"count":2,"href":"https:\/\/sectorprensa.com.ar\/index.php?rest_route=\/wp\/v2\/posts\/45743\/revisions"}],"predecessor-version":[{"id":45782,"href":"https:\/\/sectorprensa.com.ar\/index.php?rest_route=\/wp\/v2\/posts\/45743\/revisions\/45782"}],"wp:featuredmedia":[{"embeddable":true,"href":"https:\/\/sectorprensa.com.ar\/index.php?rest_route=\/wp\/v2\/media\/45744"}],"wp:attachment":[{"href":"https:\/\/sectorprensa.com.ar\/index.php?rest_route=%2Fwp%2Fv2%2Fmedia&parent=45743"}],"wp:term":[{"taxonomy":"category","embeddable":true,"href":"https:\/\/sectorprensa.com.ar\/index.php?rest_route=%2Fwp%2Fv2%2Fcategories&post=45743"},{"taxonomy":"post_tag","embeddable":true,"href":"https:\/\/sectorprensa.com.ar\/index.php?rest_route=%2Fwp%2Fv2%2Ftags&post=45743"}],"curies":[{"name":"wp","href":"https:\/\/api.w.org\/{rel}","templated":true}]}}