{"id":45802,"date":"2022-07-14T12:13:09","date_gmt":"2022-07-14T15:13:09","guid":{"rendered":"https:\/\/sectorprensa.com.ar\/?p=45802"},"modified":"2022-07-14T12:13:09","modified_gmt":"2022-07-14T15:13:09","slug":"asaltaron-a-policia-embarazada-en-hurlingham-se-llevaron-hasta-la-ecografia-de-su-bebe","status":"publish","type":"post","link":"https:\/\/sectorprensa.com.ar\/?p=45802","title":{"rendered":"[VIDEO] ASALTARON A POLIC\u00cdA EMBARAZADA EN HURLINGHAM: SE LLEVARON HASTA LA ECOGRAF\u00cdA DE SU BEB\u00c9"},"content":{"rendered":"<h6><strong>Ocurri\u00f3 en la calle Kiernan al 400. Los delincuentes, que bajaron de una Ford Ecosport negra, escaparon.<\/strong><\/h6>\n<p><!--more--><\/p>\n<p>Una mujer perteneciente a la Polic\u00eda Federal Argentina (PFA), que est\u00e1 de licencia por embarazo, fue asaltada por delincuentes que se bajaron de un veh\u00edculo, la abordaron, la amenazaron y le robaron su bolso cuando regresaba junto a su pareja de un control m\u00e9dico, en la localidad de Villa Tesei, partido de Hurlingham.<\/p>\n<p>El hecho, que fue registrado por una c\u00e1mara de seguridad, ocurri\u00f3 ayer a las 9.28 en la calle Juan B. Kiernan 460, a solo dos cuadras de la avenida Vergara y a cuatro de la Autopista del Oeste.<\/p>\n<blockquote class=\"twitter-tweet\" data-width=\"550\" data-dnt=\"true\">\n<p lang=\"es\" dir=\"ltr\"><a href=\"https:\/\/twitter.com\/hashtag\/Hurlingham?src=hash&amp;ref_src=twsrc%5Etfw\">#Hurlingham<\/a> Los rastreros no tienen piedad con nadie, ni con una embarazada que hasta le robaron todo y la ecograf\u00eda de su futuro beb\u00e9. Paso en Villa Tesei &#8230; <a href=\"https:\/\/t.co\/TraFgU3AiZ\">pic.twitter.com\/TraFgU3AiZ<\/a><\/p>\n<p>&mdash; Inforbano (@Inforbanodiario) <a href=\"https:\/\/twitter.com\/Inforbanodiario\/status\/1547539641926041600?ref_src=twsrc%5Etfw\">July 14, 2022<\/a><\/p><\/blockquote>\n<p><script async src=\"https:\/\/platform.twitter.com\/widgets.js\" charset=\"utf-8\"><\/script><\/p>\n<p>Seg\u00fan la denuncia, la v\u00edctima caminaba con su pareja cuando fue abordada por tres delincuentes que bajaron de una Ford Ecosport negra, donde hab\u00eda un cuarto ladr\u00f3n al volante. Los asaltantes rodearon a la embarazada y la despojaron del bolso donde llevaba sus pertenencias, entre ellas la ecograf\u00eda que acababa de hacerse en un consultorio m\u00e9dico.<\/p>\n<p>Tras el robo y sin llegar a robarle a la pareja de la polic\u00eda, los ladrones escaparon en el veh\u00edculo.<\/p>\n<p>Esta ma\u00f1ana, los vecinos contaron al canal que esta tarde se reunir\u00e1n frente a la comisar\u00eda de Villa Tesei para pedir seguridad y que se realicen m\u00e1s patrullajes en los barrios Santa Marta y Libertador. \u00abV\u00ed todo el robo por la ventana de mi casa y lo escuch\u00e9 al marido de la chica que estaba a los gritos. Se corri\u00f3 de ella para llevarse a los delincuentes, pero fueron hacia ella, quien era la que ten\u00eda un bolso. Uno ten\u00eda un cuchillo y la amenazaba, la empuj\u00f3 para sacarle el bolso con estudios m\u00e9dicos\u00bb, cont\u00f3 un vecino.<\/p>\n<p>Otra vecina de la cuadra, asegur\u00f3 que los habitantes de la zona se sienten \u00ababandonados\u00bb, ya que \u00abla polic\u00eda no patrulla el barrio y las c\u00e1maras que pusieron no andan\u00bb.<\/p>\n<p>La denuncia de robo fue realizada en la comisar\u00eda de Villa Tesei e interviene la Fiscal\u00eda 1 de Mor\u00f3n.<\/p>\n<blockquote class=\"wp-embedded-content\" data-secret=\"n9McThlUbg\"><p><a href=\"https:\/\/sectorprensa.com.ar\/cayo-banda-dedicada-a-escruches-en-ituzaingo-y-hurlingham\/\">CAY\u00d3 BANDA DEDICADA A ESCRUCHES EN ITUZAING\u00d3 Y HURLINGHAM<\/a><\/p><\/blockquote>\n<p><iframe loading=\"lazy\" class=\"wp-embedded-content\" sandbox=\"allow-scripts\" security=\"restricted\" style=\"position: absolute; clip: rect(1px, 1px, 1px, 1px);\" title=\"&#8220;CAY\u00d3 BANDA DEDICADA A ESCRUCHES EN ITUZAING\u00d3 Y HURLINGHAM&#8221; &#8212; SECTOR PRENSA\" src=\"https:\/\/sectorprensa.com.ar\/cayo-banda-dedicada-a-escruches-en-ituzaingo-y-hurlingham\/embed\/#?secret=n9McThlUbg\" data-secret=\"n9McThlUbg\" width=\"600\" height=\"338\" frameborder=\"0\" marginwidth=\"0\" marginheight=\"0\" scrolling=\"no\"><\/iframe><\/p>\n","protected":false},"excerpt":{"rendered":"<p>Ocurri\u00f3 en la calle Kiernan al 400. Los delincuentes, que bajaron de una Ford Ecosport negra, escaparon.<\/p>\n","protected":false},"author":1,"featured_media":45803,"comment_status":"closed","ping_status":"open","sticky":false,"template":"","format":"video","meta":{"colormag_page_container_layout":"default_layout","colormag_page_sidebar_layout":"default_layout","footnotes":""},"categories":[17,6,12],"tags":[165,3096,1210,74,433],"class_list":["post-45802","post","type-post","status-publish","format-video","has-post-thumbnail","hentry","category-destacadas","category-hurlingham","category-policiales","tag-delincuentes","tag-embarazada","tag-policia-federal","tag-robo","tag-villa-tesei","post_format-post-format-video"],"_links":{"self":[{"href":"https:\/\/sectorprensa.com.ar\/index.php?rest_route=\/wp\/v2\/posts\/45802","targetHints":{"allow":["GET"]}}],"collection":[{"href":"https:\/\/sectorprensa.com.ar\/index.php?rest_route=\/wp\/v2\/posts"}],"about":[{"href":"https:\/\/sectorprensa.com.ar\/index.php?rest_route=\/wp\/v2\/types\/post"}],"author":[{"embeddable":true,"href":"https:\/\/sectorprensa.com.ar\/index.php?rest_route=\/wp\/v2\/users\/1"}],"replies":[{"embeddable":true,"href":"https:\/\/sectorprensa.com.ar\/index.php?rest_route=%2Fwp%2Fv2%2Fcomments&post=45802"}],"version-history":[{"count":1,"href":"https:\/\/sectorprensa.com.ar\/index.php?rest_route=\/wp\/v2\/posts\/45802\/revisions"}],"predecessor-version":[{"id":45804,"href":"https:\/\/sectorprensa.com.ar\/index.php?rest_route=\/wp\/v2\/posts\/45802\/revisions\/45804"}],"wp:featuredmedia":[{"embeddable":true,"href":"https:\/\/sectorprensa.com.ar\/index.php?rest_route=\/wp\/v2\/media\/45803"}],"wp:attachment":[{"href":"https:\/\/sectorprensa.com.ar\/index.php?rest_route=%2Fwp%2Fv2%2Fmedia&parent=45802"}],"wp:term":[{"taxonomy":"category","embeddable":true,"href":"https:\/\/sectorprensa.com.ar\/index.php?rest_route=%2Fwp%2Fv2%2Fcategories&post=45802"},{"taxonomy":"post_tag","embeddable":true,"href":"https:\/\/sectorprensa.com.ar\/index.php?rest_route=%2Fwp%2Fv2%2Ftags&post=45802"}],"curies":[{"name":"wp","href":"https:\/\/api.w.org\/{rel}","templated":true}]}}