{"id":45937,"date":"2022-07-19T06:06:35","date_gmt":"2022-07-19T09:06:35","guid":{"rendered":"https:\/\/sectorprensa.com.ar\/?p=45937"},"modified":"2022-07-18T15:19:46","modified_gmt":"2022-07-18T18:19:46","slug":"milagro-atropellaron-a-mujer-embarazada-en-ituzaingo-y-solo-tuvo-heridas-leves","status":"publish","type":"post","link":"https:\/\/sectorprensa.com.ar\/?p=45937","title":{"rendered":"MILAGRO: ATROPELLARON A MUJER EMBARAZADA EN ITUZAING\u00d3 Y S\u00d3LO TUVO HERIDAS LEVES"},"content":{"rendered":"<h6><strong>Ocurri\u00f3 en Jos\u00e9 Mar\u00eda Paz y Santa Rosa. El conductor fue sometido al control de alcoholemia y dio cero.<\/strong><\/h6>\n<p><!--more--><\/p>\n<p>Una mujer embarazada de cuatro meses de gesti\u00f3n fue atropellada por un automovilista cuando estaba con su pareja y otro hombre en una parada de colectivo en Ituzaing\u00f3. Tanto ella como el beb\u00e9 en gestaci\u00f3n se hallan fuera de peligro.<\/p>\n<p>El hecho ocurri\u00f3 el domingo por la madrugada en la intersecci\u00f3n de Santa Rosa y Jos\u00e9 Mar\u00eda Paz, cuando la v\u00edctima, Noelia Ver\u00f3nica Ruiz de 24 a\u00f1os, estaba con su pareja y otro joven esperando el colectivo.<\/p>\n<p>En ese momento un conductor de un Volkswagen Golf de color gris oscuro conducido por Felipe Castro Piccolo de 35 a\u00f1os, se desv\u00eda de su trayectoria y la atropella. Inmediatamente el conductor se baj\u00f3 del rodado para dar asistencia a la mujer que fue llevada de forma inmediata al hospital Posadas.<\/p>\n<p>La v\u00edctima se encuentra fuera de peligro tanto como el beb\u00e9 en gestaci\u00f3n y ambos est\u00e1n siendo controlados. La mujer sufri\u00f3 heridas en las piernas y golpes en su cuerpo, pero nada de gravedad.<\/p>\n<p>Sobre la investigaci\u00f3n del accidente se inform\u00f3 tambi\u00e9n que el conductor implicado fue sometido al control de alcoholemia, que dio cero. \u201cMe qued\u00e9 dormido\u201d, dijo el hombre.<\/p>\n<p>La causa se encuentra a cargo de la fiscal\u00eda de turno de Ituzaing\u00f3, mientras que el conductor del auto se encuentra puesto a derecho por causa caratulada como accidente automotor.<\/p>\n<blockquote class=\"wp-embedded-content\" data-secret=\"VaViFlHJeA\"><p><a href=\"https:\/\/sectorprensa.com.ar\/ituzaingo-se-peleo-con-su-companera-de-colegio-busco-un-cuchillo-y-la-apunalo\/\">ITUZAING\u00d3: SE PELE\u00d3 CON SU COMPA\u00d1ERA DE COLEGIO, BUSC\u00d3 UN CUCHILLO Y LA APU\u00d1AL\u00d3<\/a><\/p><\/blockquote>\n<p><iframe loading=\"lazy\" class=\"wp-embedded-content\" sandbox=\"allow-scripts\" security=\"restricted\" style=\"position: absolute; clip: rect(1px, 1px, 1px, 1px);\" title=\"&#8220;ITUZAING\u00d3: SE PELE\u00d3 CON SU COMPA\u00d1ERA DE COLEGIO, BUSC\u00d3 UN CUCHILLO Y LA APU\u00d1AL\u00d3&#8221; &#8212; SECTOR PRENSA\" src=\"https:\/\/sectorprensa.com.ar\/ituzaingo-se-peleo-con-su-companera-de-colegio-busco-un-cuchillo-y-la-apunalo\/embed\/#?secret=VaViFlHJeA\" data-secret=\"VaViFlHJeA\" width=\"600\" height=\"338\" frameborder=\"0\" marginwidth=\"0\" marginheight=\"0\" scrolling=\"no\"><\/iframe><\/p>\n","protected":false},"excerpt":{"rendered":"<p>Ocurri\u00f3 en Jos\u00e9 Mar\u00eda Paz y Santa Rosa. El conductor fue sometido al control de alcoholemia y dio cero.<\/p>\n","protected":false},"author":1,"featured_media":45938,"comment_status":"closed","ping_status":"open","sticky":false,"template":"","format":"standard","meta":{"colormag_page_container_layout":"default_layout","colormag_page_sidebar_layout":"default_layout","footnotes":""},"categories":[1,4,12],"tags":[575,4235,5885],"class_list":["post-45937","post","type-post","status-publish","format-standard","has-post-thumbnail","hentry","category-destacado","category-ituzaingo","category-policiales","tag-alcoholemia","tag-atropellada","tag-milagro"],"_links":{"self":[{"href":"https:\/\/sectorprensa.com.ar\/index.php?rest_route=\/wp\/v2\/posts\/45937","targetHints":{"allow":["GET"]}}],"collection":[{"href":"https:\/\/sectorprensa.com.ar\/index.php?rest_route=\/wp\/v2\/posts"}],"about":[{"href":"https:\/\/sectorprensa.com.ar\/index.php?rest_route=\/wp\/v2\/types\/post"}],"author":[{"embeddable":true,"href":"https:\/\/sectorprensa.com.ar\/index.php?rest_route=\/wp\/v2\/users\/1"}],"replies":[{"embeddable":true,"href":"https:\/\/sectorprensa.com.ar\/index.php?rest_route=%2Fwp%2Fv2%2Fcomments&post=45937"}],"version-history":[{"count":1,"href":"https:\/\/sectorprensa.com.ar\/index.php?rest_route=\/wp\/v2\/posts\/45937\/revisions"}],"predecessor-version":[{"id":45939,"href":"https:\/\/sectorprensa.com.ar\/index.php?rest_route=\/wp\/v2\/posts\/45937\/revisions\/45939"}],"wp:featuredmedia":[{"embeddable":true,"href":"https:\/\/sectorprensa.com.ar\/index.php?rest_route=\/wp\/v2\/media\/45938"}],"wp:attachment":[{"href":"https:\/\/sectorprensa.com.ar\/index.php?rest_route=%2Fwp%2Fv2%2Fmedia&parent=45937"}],"wp:term":[{"taxonomy":"category","embeddable":true,"href":"https:\/\/sectorprensa.com.ar\/index.php?rest_route=%2Fwp%2Fv2%2Fcategories&post=45937"},{"taxonomy":"post_tag","embeddable":true,"href":"https:\/\/sectorprensa.com.ar\/index.php?rest_route=%2Fwp%2Fv2%2Ftags&post=45937"}],"curies":[{"name":"wp","href":"https:\/\/api.w.org\/{rel}","templated":true}]}}