{"id":45959,"date":"2022-07-18T23:29:10","date_gmt":"2022-07-19T02:29:10","guid":{"rendered":"https:\/\/sectorprensa.com.ar\/?p=45959"},"modified":"2022-07-18T23:29:10","modified_gmt":"2022-07-19T02:29:10","slug":"alberto-fernandez-presento-argentina-grande","status":"publish","type":"post","link":"https:\/\/sectorprensa.com.ar\/?p=45959","title":{"rendered":"ALBERTO FERN\u00c1NDEZ PRESENT\u00d3 \u00abARGENTINA GRANDE\u00bb"},"content":{"rendered":"<h6><strong>El programa contar\u00e1 con 120 obras de infraestructura para un desarrollo federal, algo que generar\u00e1 empleo y divisas.<\/strong><\/h6>\n<p><!--more--><\/p>\n<p>Este lunes el Presidente Alberto Fern\u00e1ndez present\u00f3 \u00abArgentina Grande\u00bb, y afirm\u00f3 que su gesti\u00f3n es la de un \u00abEstado presente que no deja en manos privadas lo que el Estado debe hacer\u00bb, tambi\u00e9n ponder\u00f3 a la obra p\u00fablica ya que \u00abes un gran motor para generar trabajo\u00bb.<\/p>\n<p>Fern\u00e1ndez encabez\u00f3 un acto en el Museo del Bicentenario de Casa Rosada, lugar donde hizo el anuncio de las siete obras de \u00abArgentina Grande\u00bb, ser\u00e1n 120 estrat\u00e9gicas del Plan de Obras P\u00fablicas para el Desarrollo de la Naci\u00f3n que ya cuenta con cinco mil en ejecuci\u00f3n.<\/p>\n<p>El mandatario estuvo acompa\u00f1ado por Gabriel Katopodis, Ministro de Obras P\u00fablicas, y Juan Manzur, Jefe de Gabinete.<\/p>\n<p>Durante la jornada, se hizo eje en una Argentina que debe desarrollarse en base a la obra p\u00fablica y de manera \u00abfederal\u00bb.<\/p>\n<p>\u00abLa obra p\u00fablica debe ser un gran motor para llevar trabajo y desarrollo a todo el pa\u00eds\u00bb, sostuvo el Jefe de Estado.<\/p>\n<p>En su discurso, Fern\u00e1ndez destac\u00f3 las obras que se llevan a cabo en todo el pa\u00eds y subray\u00f3: \u00abComo porte\u00f1o que soy me indignaba y ped\u00eda que confiaran en m\u00ed que soy el m\u00e1s federal de los porte\u00f1os: ac\u00e1 est\u00e1n las pruebas\u00bb.<\/p>\n<p>El anuncio de este lunes contempla 120 emprendimientos estrat\u00e9gicos que fueron presentados como capaces de cambiar el perfil socioproductivo del pa\u00eds para los pr\u00f3ximos 30 a\u00f1os y que se suman a los 5.000 que se desarrollan en la actualidad.<\/p>\n<p>Por otra parte, record\u00f3 que al llegar al gobierno tuvo que luchar con algo que fue implementado en la gesti\u00f3n de Cambiemos, la Participaci\u00f3n P\u00fablico Privada, a la que calific\u00f3 como una \u00abformidable estafa\u00bb.<\/p>\n<p>\u00abCuando los tiramos abajo y los licitamos como obra p\u00fablica, nos ahorramos el 70 por ciento del valor inicial\u00bb, indic\u00f3. Luego, agreg\u00f3 que si el Estado est\u00e1 presente, no debe dejar \u00aben manos privadas aquello que debe hacer\u00bb.<\/p>\n<p>\u00abEs la diferencia que hay entre los unos y los otros, somos distintos, somos diferentes: Hemos llegado hasta aqu\u00ed para que Argentina recupere la producci\u00f3n, el trabajo, la dignidad, la educaci\u00f3n y la salud p\u00fablica. No hemos llegado para postergar nada de eso\u00bb, se\u00f1al\u00f3.<\/p>\n<blockquote class=\"wp-embedded-content\" data-secret=\"BpdEjpupfx\"><p><a href=\"https:\/\/sectorprensa.com.ar\/alberto-fernandez-inauguro-un-espacio-de-primera-infancia-en-general-rodriguez\/\">ALBERTO FERN\u00c1NDEZ INAUGUR\u00d3 UN ESPACIO DE PRIMERA INFANCIA EN GENERAL RODR\u00cdGUEZ<\/a><\/p><\/blockquote>\n<p><iframe loading=\"lazy\" class=\"wp-embedded-content\" sandbox=\"allow-scripts\" security=\"restricted\" style=\"position: absolute; clip: rect(1px, 1px, 1px, 1px);\" title=\"&#8220;ALBERTO FERN\u00c1NDEZ INAUGUR\u00d3 UN ESPACIO DE PRIMERA INFANCIA EN GENERAL RODR\u00cdGUEZ&#8221; &#8212; SECTOR PRENSA\" src=\"https:\/\/sectorprensa.com.ar\/alberto-fernandez-inauguro-un-espacio-de-primera-infancia-en-general-rodriguez\/embed\/#?secret=BpdEjpupfx\" data-secret=\"BpdEjpupfx\" width=\"600\" height=\"338\" frameborder=\"0\" marginwidth=\"0\" marginheight=\"0\" scrolling=\"no\"><\/iframe><\/p>\n","protected":false},"excerpt":{"rendered":"<p>El programa contar\u00e1 con 120 obras de infraestructura para un desarrollo federal, algo que generar\u00e1 empleo y divisas.<\/p>\n","protected":false},"author":1,"featured_media":45960,"comment_status":"closed","ping_status":"open","sticky":false,"template":"","format":"standard","meta":{"colormag_page_container_layout":"default_layout","colormag_page_sidebar_layout":"default_layout","footnotes":""},"categories":[17,8],"tags":[3030,6701],"class_list":["post-45959","post","type-post","status-publish","format-standard","has-post-thumbnail","hentry","category-destacadas","category-politica","tag-alberto-fernandez","tag-argentina-grande"],"_links":{"self":[{"href":"https:\/\/sectorprensa.com.ar\/index.php?rest_route=\/wp\/v2\/posts\/45959","targetHints":{"allow":["GET"]}}],"collection":[{"href":"https:\/\/sectorprensa.com.ar\/index.php?rest_route=\/wp\/v2\/posts"}],"about":[{"href":"https:\/\/sectorprensa.com.ar\/index.php?rest_route=\/wp\/v2\/types\/post"}],"author":[{"embeddable":true,"href":"https:\/\/sectorprensa.com.ar\/index.php?rest_route=\/wp\/v2\/users\/1"}],"replies":[{"embeddable":true,"href":"https:\/\/sectorprensa.com.ar\/index.php?rest_route=%2Fwp%2Fv2%2Fcomments&post=45959"}],"version-history":[{"count":1,"href":"https:\/\/sectorprensa.com.ar\/index.php?rest_route=\/wp\/v2\/posts\/45959\/revisions"}],"predecessor-version":[{"id":45961,"href":"https:\/\/sectorprensa.com.ar\/index.php?rest_route=\/wp\/v2\/posts\/45959\/revisions\/45961"}],"wp:featuredmedia":[{"embeddable":true,"href":"https:\/\/sectorprensa.com.ar\/index.php?rest_route=\/wp\/v2\/media\/45960"}],"wp:attachment":[{"href":"https:\/\/sectorprensa.com.ar\/index.php?rest_route=%2Fwp%2Fv2%2Fmedia&parent=45959"}],"wp:term":[{"taxonomy":"category","embeddable":true,"href":"https:\/\/sectorprensa.com.ar\/index.php?rest_route=%2Fwp%2Fv2%2Fcategories&post=45959"},{"taxonomy":"post_tag","embeddable":true,"href":"https:\/\/sectorprensa.com.ar\/index.php?rest_route=%2Fwp%2Fv2%2Ftags&post=45959"}],"curies":[{"name":"wp","href":"https:\/\/api.w.org\/{rel}","templated":true}]}}