{"id":45962,"date":"2022-07-19T00:07:44","date_gmt":"2022-07-19T03:07:44","guid":{"rendered":"https:\/\/sectorprensa.com.ar\/?p=45962"},"modified":"2022-07-19T00:07:44","modified_gmt":"2022-07-19T03:07:44","slug":"lucas-barreto-disfruto-mucho-de-crear-contenido-de-diversas-formas","status":"publish","type":"post","link":"https:\/\/sectorprensa.com.ar\/?p=45962","title":{"rendered":"LUCAS BARRETO: \u201cDISFRUTO MUCHO DE CREAR CONTENIDO DE DIVERSAS FORMAS\u201d"},"content":{"rendered":"<h6><strong>Lucas Barreto es un artista multifac\u00e9tico a la hora de expresar lo que siente y lo comparte en forma de arte. Entr\u00e1 a la nota y mira la entrevista que le dio a Sector Prensa.<\/strong><\/h6>\n<p><!--more--><\/p>\n<p>Lucas Barreto es un joven de 27 a\u00f1os, m\u00fasico y artista, oriundo de Isidro Casanova. Se define como artista y seguidor del influencer m\u00e1s grande (Jes\u00fas), y no es para menos; se lo puede ver muy comprometido a la hora de hablar de fe y de espiritualidad en sus redes sociales como Twitter e Instagram y sin dejar de lado la m\u00fasica donde tambi\u00e9n sus letras son claras.<\/p>\n<p><strong>\u00bfSiempre te gusto la m\u00fasica?<\/strong><\/p>\n<p>Desde chico como a los trece a\u00f1os la m\u00fasica fue un escape a los complejos y problemas que tuve que atravesar como el bullying y la baja autoestima, donde en cada letra expresaba mis sentimientos buscando desahogarme.<br \/>\nHoy por hoy la m\u00fasica de convirti\u00f3 en la forma de expresar la gratitud que hay en mi coraz\u00f3n por lo que Jes\u00fas hizo en mi vida.<\/p>\n<p><strong>En Instagram, y Twitter se te puede ver subiendo reels y textos \u00bfTe gusta o lo haces por diversi\u00f3n?<\/strong><\/p>\n<p><strong>\u00a1Disfruto mucho de crear contenido de diversas formas<\/strong>! Creo fielmente que lo m\u00e1s importante es el mensaje que est\u00e1s transmitiendo con tu contenido, luego la forma de hacerlo puede variar seg\u00fan las tendencias, \u00a1para encontrar la forma m\u00e1s eficaz de hacerlo!<\/p>\n<p><strong>Ten\u00e9s casi siete mil seguidores en Instagram \u00bfSent\u00eds una responsabilidad a la hora de decir algo en tus redes?<\/strong><\/p>\n<p>Me siento muy bendecido por cada persona que toma la decisi\u00f3n de ser parte de esto. Para mi es una responsabilidad cuidarlos y estar a disposici\u00f3n de ellos para ayudarlos, como al mismo tiempo yo s\u00e9 tambi\u00e9n que puedo contar con ellos para abrir mi coraz\u00f3n cuando lo necesite. Entiendo que somos una comunidad donde estamos para ayudarnos y acompa\u00f1arnos en este camino.<\/p>\n<figure id=\"attachment_45964\" aria-describedby=\"caption-attachment-45964\" style=\"width: 570px\" class=\"wp-caption alignnone\"><img loading=\"lazy\" decoding=\"async\" class=\"wp-image-45964 \" src=\"https:\/\/sectorprensa.com.ar\/wp-content\/uploads\/2022\/07\/WhatsApp-Image-2022-07-18-at-4.33.25-PM-1-819x1024.jpeg\" alt=\"\" width=\"570\" height=\"713\" srcset=\"https:\/\/sectorprensa.com.ar\/wp-content\/uploads\/2022\/07\/WhatsApp-Image-2022-07-18-at-4.33.25-PM-1-819x1024.jpeg 819w, https:\/\/sectorprensa.com.ar\/wp-content\/uploads\/2022\/07\/WhatsApp-Image-2022-07-18-at-4.33.25-PM-1-240x300.jpeg 240w, https:\/\/sectorprensa.com.ar\/wp-content\/uploads\/2022\/07\/WhatsApp-Image-2022-07-18-at-4.33.25-PM-1-768x961.jpeg 768w, https:\/\/sectorprensa.com.ar\/wp-content\/uploads\/2022\/07\/WhatsApp-Image-2022-07-18-at-4.33.25-PM-1.jpeg 1080w\" sizes=\"auto, (max-width: 570px) 100vw, 570px\" \/><figcaption id=\"caption-attachment-45964\" class=\"wp-caption-text\">Instagram: lucasbarreto_ok\u00a0 &#8211; Twitter: lucasbarreto_ok<\/figcaption><\/figure>\n<p><strong>Tus temas tienen bases de rap, trap y otros estilos \u00bfCon cu\u00e1l te sent\u00eds m\u00e1s c\u00f3modo?<\/strong><\/p>\n<p>Si bien mis inicios est\u00e1n en el rap, estoy encontrando en el rock la faceta musical que m\u00e1s disfruto hacer.<\/p>\n<p><strong>\u00bfArrancaste como solista o arrancaste con una banda?<\/strong><\/p>\n<p>Empec\u00e9 como solista y con el correr del tiempo Dios fue a\u00f1adiendo a todas las personas que hoy forman parte de este proyecto musical, desde el \u00e1rea de producci\u00f3n audiovisual hasta en la banda.<\/p>\n<p><strong>Volviendo a tus redes sos de escribir y grabar videos sobre la fe \u00bfQu\u00e9 ocupa Dios en tu vida?<\/strong><\/p>\n<p>Dios es la raz\u00f3n por la que creo contenido. Mi fuente de inspiraci\u00f3n y motivaci\u00f3n parte de la base de creer en lo que El hizo hace dos mil a\u00f1os y puedo ser parte de sus planes, trabajando d\u00eda a d\u00eda para llevar un mensaje de vida y esperanza para los que est\u00e1n lejos de Dios.<\/p>\n<p><strong>Hoy en d\u00eda se habla mucho de espiritualidad sobre todo Post Pandemia \u00bfSent\u00eds que hoy la gente ya no se resiste a creer que hay algo m\u00e1s all\u00e1 en la vida?<\/strong><\/p>\n<p>Yo creo que la gente no puede entender el amor de Dios por el miedo del mundo.<br \/>\nImag\u00ednate una sociedad en la que te infunden que ten\u00e9s que vivir tratando de complacer todos tus deseos lo m\u00e1ximo que puedas porque en unos a\u00f1os te vas a morir. Es una locura:<br \/>\nsin poder ver que la fuente de toda felicidad y plenitud est\u00e1 en que fuimos liberados de la muerte por la fe en Jes\u00fas, y que tenemos vida eterna en Cristo.<br \/>\nLa gente no quiere creer porque tiene miedo de que no haya vida eterna, entonces vive su vida terrenal tratando de encontrar el \u00e9xito, ignorando que cuando lo encuentren van a morir y que ya nada de eso va a tener sentido.<br \/>\nJes\u00fas vino a traer vida en abundancia a todo aquel que cree.<\/p>\n<p><iframe loading=\"lazy\" title=\"ROSA DE JERIC\u00d3 - Lucas Barreto ft Seba Liendo &amp; Morfi (Videoclip)\" width=\"800\" height=\"450\" src=\"https:\/\/www.youtube.com\/embed\/Lrf_W30vAbM?feature=oembed\" frameborder=\"0\" allow=\"accelerometer; autoplay; clipboard-write; encrypted-media; gyroscope; picture-in-picture\" allowfullscreen><\/iframe><\/p>\n<p><strong>\u00bfToda tu vida fuiste cristiano o lo fuiste de m\u00e1s grande?<\/strong><\/p>\n<p>Conoc\u00ed a Dios de adolescente a los 16, y por imprudencia me apart\u00e9 (dejar de ir a la iglesia), me dej\u00e9 llevar por la noche, las mujeres, el alcohol, y a los 21 a\u00f1os en el punto m\u00e1s cr\u00edtico de mi vida estando en una sala de hospital peleando por mi vida, viv\u00ed un milagro en carne propia que es el que hoy me tiene en pie, y fue una segunda oportunidad de vida que Dios me ha dado donde a partir de ah\u00ed mi vida comenz\u00f3 a cambiar completamente.<\/p>\n<p><strong>En tus shows se te puede ver con mucho carisma \u00bfte sale natural o lo pr\u00e1cticas?<\/strong><\/p>\n<p>\u00a1Si ya lo tengo incorporado! (entre risas) Disfruto mucho de cada presentaci\u00f3n en vivo porque siento una gran conexi\u00f3n con las personas en ese tipo de eventos.<\/p>\n<p><strong>Ten\u00e9s un reel en Instagram, antes de conocer a Jes\u00fas con la canci\u00f3n de Paulo Londra \u00bfQu\u00e9 fue lo que te cambi\u00f3?<\/strong><\/p>\n<p>El cambio principal fue que Jes\u00fas le dio sentido a mi vida. Durante mucho tiempo busqu\u00e9 en otra parte algo que solo hay en Dios. Pasar por un punto en tu vida en el que ya no pod\u00e9s hacer nada para salvarla, te hace entender que solo un poder mayor puede salvarte, y ah\u00ed apareci\u00f3 Jes\u00fas, para librarme de la muerte y darme una nueva vida.<\/p>\n<p><em><strong>Por Pablo Canseco<\/strong><\/em><\/p>\n","protected":false},"excerpt":{"rendered":"<p>Lucas Barreto es un artista multifac\u00e9tico a la hora de expresar lo que siente y lo comparte en forma de<\/p>\n","protected":false},"author":1,"featured_media":45963,"comment_status":"closed","ping_status":"open","sticky":false,"template":"","format":"video","meta":{"colormag_page_container_layout":"default_layout","colormag_page_sidebar_layout":"default_layout","footnotes":""},"categories":[9,13],"tags":[6704,6703,6702,26],"class_list":["post-45962","post","type-post","status-publish","format-video","has-post-thumbnail","hentry","category-cultura","category-personajes","tag-artista","tag-influencer","tag-lucas-barreto","tag-musica","post_format-post-format-video"],"_links":{"self":[{"href":"https:\/\/sectorprensa.com.ar\/index.php?rest_route=\/wp\/v2\/posts\/45962","targetHints":{"allow":["GET"]}}],"collection":[{"href":"https:\/\/sectorprensa.com.ar\/index.php?rest_route=\/wp\/v2\/posts"}],"about":[{"href":"https:\/\/sectorprensa.com.ar\/index.php?rest_route=\/wp\/v2\/types\/post"}],"author":[{"embeddable":true,"href":"https:\/\/sectorprensa.com.ar\/index.php?rest_route=\/wp\/v2\/users\/1"}],"replies":[{"embeddable":true,"href":"https:\/\/sectorprensa.com.ar\/index.php?rest_route=%2Fwp%2Fv2%2Fcomments&post=45962"}],"version-history":[{"count":1,"href":"https:\/\/sectorprensa.com.ar\/index.php?rest_route=\/wp\/v2\/posts\/45962\/revisions"}],"predecessor-version":[{"id":45965,"href":"https:\/\/sectorprensa.com.ar\/index.php?rest_route=\/wp\/v2\/posts\/45962\/revisions\/45965"}],"wp:featuredmedia":[{"embeddable":true,"href":"https:\/\/sectorprensa.com.ar\/index.php?rest_route=\/wp\/v2\/media\/45963"}],"wp:attachment":[{"href":"https:\/\/sectorprensa.com.ar\/index.php?rest_route=%2Fwp%2Fv2%2Fmedia&parent=45962"}],"wp:term":[{"taxonomy":"category","embeddable":true,"href":"https:\/\/sectorprensa.com.ar\/index.php?rest_route=%2Fwp%2Fv2%2Fcategories&post=45962"},{"taxonomy":"post_tag","embeddable":true,"href":"https:\/\/sectorprensa.com.ar\/index.php?rest_route=%2Fwp%2Fv2%2Ftags&post=45962"}],"curies":[{"name":"wp","href":"https:\/\/api.w.org\/{rel}","templated":true}]}}