{"id":46590,"date":"2022-08-05T16:41:07","date_gmt":"2022-08-05T19:41:07","guid":{"rendered":"https:\/\/sectorprensa.com.ar\/?p=46590"},"modified":"2022-08-05T16:41:07","modified_gmt":"2022-08-05T19:41:07","slug":"continua-la-peatonal-mitre-en-moreno","status":"publish","type":"post","link":"https:\/\/sectorprensa.com.ar\/?p=46590","title":{"rendered":"CONTIN\u00daA LA PEATONAL MITRE EN MORENO"},"content":{"rendered":"<h6><strong>Los primeros y segundos s\u00e1bados de cada mes para disfrutar de exposiciones de teatro, eventos musicales, actividades para ni\u00f1os, propuestas gastron\u00f3micas y de productores locales.<\/strong><\/h6>\n<p><!--more--><\/p>\n<p>Este s\u00e1bado 6 de agosto, de 12 a 20 horas, el Municipio de Moreno, a trav\u00e9s del Instituto Municipal de Desarrollo Econ\u00f3mico Local (IMDEL), invita a recorrer la Peatonal Mitre, un espacio de recreaci\u00f3n para las vecinas, los vecinos y las familias.<\/p>\n<p>A lo largo de la jornada del s\u00e1bado, se estar\u00e1n presentando en la peatonal los artistas: Pichi Clown, Sof\u00eda Gelpi de Cia.Marcianas, La Resistencia y Mat\u00edas Flores.<\/p>\n<p>La Peatonal ofrece exposiciones de teatro, eventos musicales, actividades para chicas y chicos, propuestas gastron\u00f3micas y de productoras y productores locales.<\/p>\n<p>Con esta iniciativa, fortalecemos la promoci\u00f3n del desarrollo tur\u00edstico y econ\u00f3mico.<\/p>\n<blockquote class=\"wp-embedded-content\" data-secret=\"rjBv71aXDb\"><p><a href=\"https:\/\/sectorprensa.com.ar\/el-municipio-de-moreno-entrego-nuevas-escrituras-sociales\/\">EL MUNICIPIO DE MORENO ENTREG\u00d3 NUEVAS ESCRITURAS SOCIALES<\/a><\/p><\/blockquote>\n<p><iframe loading=\"lazy\" class=\"wp-embedded-content\" sandbox=\"allow-scripts\" security=\"restricted\" style=\"position: absolute; clip: rect(1px, 1px, 1px, 1px);\" title=\"&#8220;EL MUNICIPIO DE MORENO ENTREG\u00d3 NUEVAS ESCRITURAS SOCIALES&#8221; &#8212; SECTOR PRENSA\" src=\"https:\/\/sectorprensa.com.ar\/el-municipio-de-moreno-entrego-nuevas-escrituras-sociales\/embed\/#?secret=rjBv71aXDb\" data-secret=\"rjBv71aXDb\" width=\"600\" height=\"338\" frameborder=\"0\" marginwidth=\"0\" marginheight=\"0\" scrolling=\"no\"><\/iframe><\/p>\n","protected":false},"excerpt":{"rendered":"<p>Los primeros y segundos s\u00e1bados de cada mes para disfrutar de exposiciones de teatro, eventos musicales, actividades para ni\u00f1os, propuestas<\/p>\n","protected":false},"author":1,"featured_media":44143,"comment_status":"closed","ping_status":"open","sticky":false,"template":"","format":"standard","meta":{"colormag_page_container_layout":"default_layout","colormag_page_sidebar_layout":"default_layout","footnotes":""},"categories":[17,2154,1173,10],"tags":[6098,2282],"class_list":["post-46590","post","type-post","status-publish","format-standard","has-post-thumbnail","hentry","category-destacadas","category-moreno","category-municipales","category-sociedad","tag-peatonal-de-moreno","tag-turismo"],"_links":{"self":[{"href":"https:\/\/sectorprensa.com.ar\/index.php?rest_route=\/wp\/v2\/posts\/46590","targetHints":{"allow":["GET"]}}],"collection":[{"href":"https:\/\/sectorprensa.com.ar\/index.php?rest_route=\/wp\/v2\/posts"}],"about":[{"href":"https:\/\/sectorprensa.com.ar\/index.php?rest_route=\/wp\/v2\/types\/post"}],"author":[{"embeddable":true,"href":"https:\/\/sectorprensa.com.ar\/index.php?rest_route=\/wp\/v2\/users\/1"}],"replies":[{"embeddable":true,"href":"https:\/\/sectorprensa.com.ar\/index.php?rest_route=%2Fwp%2Fv2%2Fcomments&post=46590"}],"version-history":[{"count":1,"href":"https:\/\/sectorprensa.com.ar\/index.php?rest_route=\/wp\/v2\/posts\/46590\/revisions"}],"predecessor-version":[{"id":46591,"href":"https:\/\/sectorprensa.com.ar\/index.php?rest_route=\/wp\/v2\/posts\/46590\/revisions\/46591"}],"wp:featuredmedia":[{"embeddable":true,"href":"https:\/\/sectorprensa.com.ar\/index.php?rest_route=\/wp\/v2\/media\/44143"}],"wp:attachment":[{"href":"https:\/\/sectorprensa.com.ar\/index.php?rest_route=%2Fwp%2Fv2%2Fmedia&parent=46590"}],"wp:term":[{"taxonomy":"category","embeddable":true,"href":"https:\/\/sectorprensa.com.ar\/index.php?rest_route=%2Fwp%2Fv2%2Fcategories&post=46590"},{"taxonomy":"post_tag","embeddable":true,"href":"https:\/\/sectorprensa.com.ar\/index.php?rest_route=%2Fwp%2Fv2%2Ftags&post=46590"}],"curies":[{"name":"wp","href":"https:\/\/api.w.org\/{rel}","templated":true}]}}