{"id":46738,"date":"2022-08-10T07:30:21","date_gmt":"2022-08-10T10:30:21","guid":{"rendered":"https:\/\/sectorprensa.com.ar\/?p=46738"},"modified":"2022-08-09T17:04:08","modified_gmt":"2022-08-09T20:04:08","slug":"video-joaquin-el-nene-baleado-en-ciudad-evita-fue-dado-de-alta","status":"publish","type":"post","link":"https:\/\/sectorprensa.com.ar\/?p=46738","title":{"rendered":"[VIDEO] JOAQU\u00cdN, EL NENE BALEADO EN CIUDAD EVITA, FUE DADO DE ALTA"},"content":{"rendered":"<h6 class=\"article_subtitle__qsKE5\"><strong>Joaqu\u00edn Santiago Sequeira, de 12 a\u00f1os, fue dado de alta del Hospital Italiano de San Justo luego de seis d\u00edas de estar internado tras recibir un disparo en la cabeza.<\/strong><\/h6>\n<p><!--more--><\/p>\n<p>Luego de seis d\u00edas de permanecer internado en el Hospital Italiano de San Justo, le dieron el alta a Joaqu\u00edn Santiago Sequeira, el ni\u00f1o de 12 a\u00f1os que fue baleado en la cabeza en medio de un robo. Al salir del nosocomio, la v\u00edctima dijo: \u00abEsto me cambi\u00f3 la vida\u00bb.<\/p>\n<p>Joaqu\u00edn volv\u00eda de la escuela cuando fue abordado por dos delincuentes armados que sin mediar palabra le dispararon en la cabeza. Por suerte, una vecina escuch\u00f3 el disparo y lo contuvo mientras esperaba a la ambulancia. \u00abMe acuerdo todo, que me dieron el tiro y J\u00e9sica me hizo sentar\u00bb, cont\u00f3 el ni\u00f1o a los medios.<\/p>\n<p><iframe loading=\"lazy\" title=\"Dieron de alta a Joaqu\u00edn el nene baleado en la cara para robarle\" width=\"800\" height=\"450\" src=\"https:\/\/www.youtube.com\/embed\/9bjDP-jO9L4?feature=oembed\" frameborder=\"0\" allow=\"accelerometer; autoplay; clipboard-write; encrypted-media; gyroscope; picture-in-picture\" allowfullscreen><\/iframe><\/p>\n<p>Joaqu\u00edn fue operado de urgencia y luego se le practic\u00f3 una cirug\u00eda reconstructiva para mejorar su condici\u00f3n y calidad de vida. En relaci\u00f3n con los m\u00e9dicos y enfermeros que lo atendieron en el hospital, Joaqu\u00edn resalt\u00f3: \u00abMe salvaron la vida y estoy agradecido de todo coraz\u00f3n\u00bb.<\/p>\n<p>Los agresores fueron detenidos tres d\u00edas despu\u00e9s del hecho. Tienen 16 y 17 a\u00f1os, y hab\u00edan quedado filmados por una c\u00e1mara de seguridad. La causa judicial qued\u00f3 en manos del fiscal penal juvenil Emilio Spatafora, a cargo de la UFI 2 del Fuero de Responsabilidad Juvenil de La Matanza.<\/p>\n<blockquote class=\"wp-embedded-content\" data-secret=\"j44vM47YZM\"><p><a href=\"https:\/\/sectorprensa.com.ar\/detuvieron-a-dos-adolescentes-acusados-de-balear-a-joaquin-en-ciudad-evita\/\">DETUVIERON A DOS ADOLESCENTES ACUSADOS DE BALEAR A JOAQU\u00cdN EN CIUDAD EVITA<\/a><\/p><\/blockquote>\n<p><iframe loading=\"lazy\" class=\"wp-embedded-content\" sandbox=\"allow-scripts\" security=\"restricted\" style=\"position: absolute; clip: rect(1px, 1px, 1px, 1px);\" title=\"&#8220;DETUVIERON A DOS ADOLESCENTES ACUSADOS DE BALEAR A JOAQU\u00cdN EN CIUDAD EVITA&#8221; &#8212; SECTOR PRENSA\" src=\"https:\/\/sectorprensa.com.ar\/detuvieron-a-dos-adolescentes-acusados-de-balear-a-joaquin-en-ciudad-evita\/embed\/#?secret=j44vM47YZM\" data-secret=\"j44vM47YZM\" width=\"600\" height=\"338\" frameborder=\"0\" marginwidth=\"0\" marginheight=\"0\" scrolling=\"no\"><\/iframe><\/p>\n","protected":false},"excerpt":{"rendered":"<p>Joaqu\u00edn Santiago Sequeira, de 12 a\u00f1os, fue dado de alta del Hospital Italiano de San Justo luego de seis d\u00edas<\/p>\n","protected":false},"author":1,"featured_media":46739,"comment_status":"closed","ping_status":"open","sticky":false,"template":"","format":"video","meta":{"colormag_page_container_layout":"default_layout","colormag_page_sidebar_layout":"default_layout","footnotes":""},"categories":[17,12],"tags":[4477,5774,3790,165,487,767,74],"class_list":["post-46738","post","type-post","status-publish","format-video","has-post-thumbnail","hentry","category-destacadas","category-policiales","tag-adolescentes","tag-alta-medica","tag-ciudad-evita","tag-delincuentes","tag-detenidos","tag-la-matanza","tag-robo","post_format-post-format-video"],"_links":{"self":[{"href":"https:\/\/sectorprensa.com.ar\/index.php?rest_route=\/wp\/v2\/posts\/46738","targetHints":{"allow":["GET"]}}],"collection":[{"href":"https:\/\/sectorprensa.com.ar\/index.php?rest_route=\/wp\/v2\/posts"}],"about":[{"href":"https:\/\/sectorprensa.com.ar\/index.php?rest_route=\/wp\/v2\/types\/post"}],"author":[{"embeddable":true,"href":"https:\/\/sectorprensa.com.ar\/index.php?rest_route=\/wp\/v2\/users\/1"}],"replies":[{"embeddable":true,"href":"https:\/\/sectorprensa.com.ar\/index.php?rest_route=%2Fwp%2Fv2%2Fcomments&post=46738"}],"version-history":[{"count":1,"href":"https:\/\/sectorprensa.com.ar\/index.php?rest_route=\/wp\/v2\/posts\/46738\/revisions"}],"predecessor-version":[{"id":46740,"href":"https:\/\/sectorprensa.com.ar\/index.php?rest_route=\/wp\/v2\/posts\/46738\/revisions\/46740"}],"wp:featuredmedia":[{"embeddable":true,"href":"https:\/\/sectorprensa.com.ar\/index.php?rest_route=\/wp\/v2\/media\/46739"}],"wp:attachment":[{"href":"https:\/\/sectorprensa.com.ar\/index.php?rest_route=%2Fwp%2Fv2%2Fmedia&parent=46738"}],"wp:term":[{"taxonomy":"category","embeddable":true,"href":"https:\/\/sectorprensa.com.ar\/index.php?rest_route=%2Fwp%2Fv2%2Fcategories&post=46738"},{"taxonomy":"post_tag","embeddable":true,"href":"https:\/\/sectorprensa.com.ar\/index.php?rest_route=%2Fwp%2Fv2%2Ftags&post=46738"}],"curies":[{"name":"wp","href":"https:\/\/api.w.org\/{rel}","templated":true}]}}