{"id":46741,"date":"2022-08-10T07:50:13","date_gmt":"2022-08-10T10:50:13","guid":{"rendered":"https:\/\/sectorprensa.com.ar\/?p=46741"},"modified":"2022-08-09T18:17:17","modified_gmt":"2022-08-09T21:17:17","slug":"rodriguez-cansada-de-los-robos-una-vecina-corto-la-calle","status":"publish","type":"post","link":"https:\/\/sectorprensa.com.ar\/?p=46741","title":{"rendered":"RODR\u00cdGUEZ: CANSADA DE LOS ROBOS, UNA VECINA CORT\u00d3 LA CALLE"},"content":{"rendered":"<h6><strong>Stella Maris sufri\u00f3 un robo en su vivienda ubicada en las calles Donato \u00c1lvarez y Corrientes. En mayo de este a\u00f1o, le desvalijaron la casa.<\/strong><\/h6>\n<p><!--more--><\/p>\n<p>Cansada por sufrir dos episodios de inseguridad, una vecina del barrio San Bernardo tom\u00f3 una impulsiva decisi\u00f3n ante la falta de respuestas.<\/p>\n<p>Hace menos de dos meses, Stella Maris sufri\u00f3 un asalto en su casa, ubicada en las calles Donato \u00c1lvarez y Corrientes, y esta situaci\u00f3n se repiti\u00f3 hace pocos d\u00edas. El viernes, cuando regres\u00f3 a su hogar cerca de las 13.15 luego de salir temprano, otra vez se encontr\u00f3 con un panorama desolador en su vivienda.<\/p>\n<p>En di\u00e1logo con medios locales, la mujer se\u00f1al\u00f3 que \u00abllegu\u00e9 y me encontr\u00e9 al abrir la puerta principal que la otra estaba abierta, la que da al fondo. Estaba toda reventada y al ver eso llam\u00e9 al 911. Esper\u00e9 un rato en la puerta de casa, vuelvo a mirar c\u00f3mo estaban las cosas y me percato que no hab\u00edan llegado a consumar el robo, pero esper\u00e9 igual en la vereda al m\u00f3vil policial. Cuando fui a la parte de atr\u00e1s veo que me llevaron el lavarropas, que era lo \u00fanico que me dejaron de la anterior vez, el 31 de mayo. Ah\u00ed me hab\u00edan vaciado la casa\u00bb.<\/p>\n<p>Luego, Stella Maris relat\u00f3: \u00ablleg\u00f3 la polic\u00eda, les expliqu\u00e9 c\u00f3mo hab\u00eda pasado y les ped\u00ed por favor que hagan las pericias porque como hicieron todo lo mismo, debe ser la persona que me rob\u00f3 aquella vez. Me dicen que no, que ten\u00eda que acercarme a hacer la denuncia y que deje alguien al resguardo de la propiedad porque no pod\u00eda dejarla sola. Tuvimos entredichos, a una amiga que estaba la prepote\u00f3 el polic\u00eda, se puso frente a ella, hubo insultos. Producto del ataque de nervios fue que decid\u00ed ir a cortar la ruta\u00bb.<\/p>\n<p>Ella no habr\u00eda sido la \u00fanica v\u00edctima de estos delitos en la zona que agreg\u00f3 que \u00aben esta cuadra, en el transcurso de 20 d\u00edas hubo dos afectados. A las dos cuadras otra chica, a las tres otra se\u00f1ora m\u00e1s. En la reuni\u00f3n que hicimos algunos me enter\u00e9 que a tres cuadras le robaron a otro, una bicicleta en el D\u00eda%\u00bb<\/p>\n<p>Por \u00faltimo, con cierta resignaci\u00f3n, Stella Maris expres\u00f3 que \u00abla mayor\u00eda son robos cuando salen las mam\u00e1s para llevar los chicos al colegio. Est\u00e1n viendo qu\u00e9 casa est\u00e1 sola. Yo justo hoy (viernes 5) sal\u00ed temprano, 8.55, dej\u00e9 los nenes en el colegio, hice cosas por el centro y cuando volv\u00ed me encontr\u00e9 con esto. Ellos saben m\u00e1s o menos los horarios que yo llego. Ahora no se si salir. Hay sospechas y espero den en la tecla\u00bb.<\/p>\n<p>Cabe destacar que la vez anterior, hace m\u00e1s de dos meses, le robaron cuando esta se encontraba en C\u00f3rdoba por temas personales. Al volver, el d\u00eda 31 de mayo, se encontr\u00f3 con semejante noticia angustiante debido a que se llevaron varias pertenencias valiosas de su hogar. Habr\u00edan cortado el alambre de la parte trasera de la vivienda y luego forzaron la puerta de ingreso.<\/p>\n<p>En ese momento, los asaltantes se llevaron una mezcladora hormigonera valuada en m\u00e1s de 50mil pesos, un equipo de m\u00fasica con tres parlantes, un televisor smart TV, un LCD de 32 pulgadas, una m\u00e1quina naftera para cortar pasto, un horno el\u00e9ctrico, un secarropa, una freidora industrial sin uso y dos garrafas de 10 kilos, adem\u00e1s de varias prendas de ropa y calzado.<\/p>\n<blockquote class=\"wp-embedded-content\" data-secret=\"uRSVDriOzf\"><p><a href=\"https:\/\/sectorprensa.com.ar\/delivery-evito-que-roben-un-kiosco-y-mato-a-un-ladron-en-rodriguez-quedo-en-libertad\/\">DELIVERY EVIT\u00d3 QUE ROBEN UN KIOSCO Y MAT\u00d3 A UN LADR\u00d3N EN RODR\u00cdGUEZ: QUED\u00d3 EN LIBERTAD<\/a><\/p><\/blockquote>\n<p><iframe loading=\"lazy\" class=\"wp-embedded-content\" sandbox=\"allow-scripts\" security=\"restricted\" style=\"position: absolute; clip: rect(1px, 1px, 1px, 1px);\" title=\"&#8220;DELIVERY EVIT\u00d3 QUE ROBEN UN KIOSCO Y MAT\u00d3 A UN LADR\u00d3N EN RODR\u00cdGUEZ: QUED\u00d3 EN LIBERTAD&#8221; &#8212; SECTOR PRENSA\" src=\"https:\/\/sectorprensa.com.ar\/delivery-evito-que-roben-un-kiosco-y-mato-a-un-ladron-en-rodriguez-quedo-en-libertad\/embed\/#?secret=uRSVDriOzf\" data-secret=\"uRSVDriOzf\" width=\"600\" height=\"338\" frameborder=\"0\" marginwidth=\"0\" marginheight=\"0\" scrolling=\"no\"><\/iframe><\/p>\n","protected":false},"excerpt":{"rendered":"<p>Stella Maris sufri\u00f3 un robo en su vivienda ubicada en las calles Donato \u00c1lvarez y Corrientes. En mayo de este<\/p>\n","protected":false},"author":1,"featured_media":46742,"comment_status":"closed","ping_status":"open","sticky":false,"template":"","format":"standard","meta":{"colormag_page_container_layout":"default_layout","colormag_page_sidebar_layout":"default_layout","footnotes":""},"categories":[17,4396,12],"tags":[1024,3387,1671,4869],"class_list":["post-46741","post","type-post","status-publish","format-standard","has-post-thumbnail","hentry","category-destacadas","category-gral-rodriguez","category-policiales","tag-cortes-de-calle","tag-desvalijaron","tag-robos","tag-vecina"],"_links":{"self":[{"href":"https:\/\/sectorprensa.com.ar\/index.php?rest_route=\/wp\/v2\/posts\/46741","targetHints":{"allow":["GET"]}}],"collection":[{"href":"https:\/\/sectorprensa.com.ar\/index.php?rest_route=\/wp\/v2\/posts"}],"about":[{"href":"https:\/\/sectorprensa.com.ar\/index.php?rest_route=\/wp\/v2\/types\/post"}],"author":[{"embeddable":true,"href":"https:\/\/sectorprensa.com.ar\/index.php?rest_route=\/wp\/v2\/users\/1"}],"replies":[{"embeddable":true,"href":"https:\/\/sectorprensa.com.ar\/index.php?rest_route=%2Fwp%2Fv2%2Fcomments&post=46741"}],"version-history":[{"count":2,"href":"https:\/\/sectorprensa.com.ar\/index.php?rest_route=\/wp\/v2\/posts\/46741\/revisions"}],"predecessor-version":[{"id":46744,"href":"https:\/\/sectorprensa.com.ar\/index.php?rest_route=\/wp\/v2\/posts\/46741\/revisions\/46744"}],"wp:featuredmedia":[{"embeddable":true,"href":"https:\/\/sectorprensa.com.ar\/index.php?rest_route=\/wp\/v2\/media\/46742"}],"wp:attachment":[{"href":"https:\/\/sectorprensa.com.ar\/index.php?rest_route=%2Fwp%2Fv2%2Fmedia&parent=46741"}],"wp:term":[{"taxonomy":"category","embeddable":true,"href":"https:\/\/sectorprensa.com.ar\/index.php?rest_route=%2Fwp%2Fv2%2Fcategories&post=46741"},{"taxonomy":"post_tag","embeddable":true,"href":"https:\/\/sectorprensa.com.ar\/index.php?rest_route=%2Fwp%2Fv2%2Ftags&post=46741"}],"curies":[{"name":"wp","href":"https:\/\/api.w.org\/{rel}","templated":true}]}}