{"id":46774,"date":"2022-08-10T18:18:39","date_gmt":"2022-08-10T21:18:39","guid":{"rendered":"https:\/\/sectorprensa.com.ar\/?p=46774"},"modified":"2022-08-10T18:18:39","modified_gmt":"2022-08-10T21:18:39","slug":"no-veo-posibilidades-de-que-exista-una-condena","status":"publish","type":"post","link":"https:\/\/sectorprensa.com.ar\/?p=46774","title":{"rendered":"\u00abNO VEO POSIBILIDADES DE QUE EXISTA UNA CONDENA\u00bb"},"content":{"rendered":"<h6><strong>La Dra. Maril\u00fa Carolina Rodr\u00edguez Bustos se refiri\u00f3 a la causa en la cual se encuentra involucrada Cristina Fern\u00e1ndez de Kirchner.<\/strong><\/h6>\n<p><!--more--><\/p>\n<p>La Vicepresidenta Cristina Fern\u00e1ndez de Kirchner, se encuentra involucrada en una causa que ha ingresado en su etapa de alegatos. La Dra. Maril\u00fa Carolina Rodr\u00edguez Bustos, Vicepresidenta de la Escuela Superior de Derecho y Pr\u00e1ctica Forense (ESDePF) y docente de grado y posgrado de dicha entidad, dialog\u00f3 en un medio acerca de la misma.<\/p>\n<p>Para recabar su opini\u00f3n acerca de la marcha del juicio oral y p\u00fablico contra la ex Presidenta, en la denominada \u201ccausa Vialidad\u201d, Rodr\u00edguez Bustos sostuvo que el Ministerio P\u00fablico Fiscal \u00abno logra formular un encuadre t\u00edpico acertado en las hip\u00f3tesis delictivas escogidas para acusar\u00bb.<\/p>\n<p>\u00abSiguiendo la exposici\u00f3n que el Ministerio P\u00fablico Fiscal viene desarrollando en estas \u00faltimas jornadas, advierto que no logra formular un encuadre t\u00edpico acertado en las hip\u00f3tesis delictivas escogidas para acusar. Escuch\u00e9 un largo listado de supuestas irregularidades administrativas, demoras en los plazos, incumplimientos en la ejecuci\u00f3n de las obras, opacidad en la publicidad de las licitaciones pero, nada de eso, constituye, por s\u00ed mismo, un delito. Deber\u00eda decirse, concretamente, cu\u00e1nto se defraud\u00f3 al fisco, como fue la maniobra concretada describi\u00e9ndola con toda exactitud y el destino dado a los fondos sustra\u00eddos. Nada de eso dijo el fiscal. Que M\u00e1ximo Kirchner se interese por el asfalto de algunas cuadras no es un delito en s\u00ed mismo. Ni siquiera es relevante que al interesarse no haya tenido un cargo p\u00fablico. Eso no es nada\u00bb, declar\u00f3 en exclusiva para AMBA Noticias.<\/p>\n<p>Las pruebas que esgrimi\u00f3 la fiscal\u00eda: \u00ab\u00bfPruebas? La fiscal\u00eda se\u00f1ala como un indicio cargoso contra los imputados la firma de un convenio entre la Naci\u00f3n y la Provincia de Santa Cruz para financiar la construcci\u00f3n de obras p\u00fablicas. Lo que no dice es que durante el gobierno de Cristina Kirchner se firmaron m\u00e1s de 500 contratos similares con otras provincias. La acusaci\u00f3n fiscal se aparta, adem\u00e1s, de los resultados de diligencias llevadas a cabo durante la etapa instructora por auditores del Estado Nacional, designados por el macrismo, que concluyeron que no hab\u00eda irregularidades sustanciales sino, peque\u00f1os desv\u00edos propios de este tipo de obras\u00bb, se\u00f1al\u00f3.<\/p>\n<p>Con respecto a una posible condena: \u00abNo puedo saberlo pero, por el momento, no veo posibilidades de que exista una condena relacionando lo que el fiscal dice con las constancias de la causa o sin tener respaldo probatorio. Deber\u00eda ser absuelta\u00bb, concluy\u00f3.<\/p>\n<blockquote class=\"wp-embedded-content\" data-secret=\"YLkYIEqAVd\"><p><a href=\"https:\/\/sectorprensa.com.ar\/flavia-royon-fue-designada-como-secretaria-de-energia\/\">FLAVIA ROY\u00d3N FUE DESIGNADA COMO SECRETARIA DE ENERG\u00cdA<\/a><\/p><\/blockquote>\n<p><iframe loading=\"lazy\" class=\"wp-embedded-content\" sandbox=\"allow-scripts\" security=\"restricted\" style=\"position: absolute; clip: rect(1px, 1px, 1px, 1px);\" title=\"&#8220;FLAVIA ROY\u00d3N FUE DESIGNADA COMO SECRETARIA DE ENERG\u00cdA&#8221; &#8212; SECTOR PRENSA\" src=\"https:\/\/sectorprensa.com.ar\/flavia-royon-fue-designada-como-secretaria-de-energia\/embed\/#?secret=YLkYIEqAVd\" data-secret=\"YLkYIEqAVd\" width=\"600\" height=\"338\" frameborder=\"0\" marginwidth=\"0\" marginheight=\"0\" scrolling=\"no\"><\/iframe><\/p>\n","protected":false},"excerpt":{"rendered":"<p>La Dra. Maril\u00fa Carolina Rodr\u00edguez Bustos se refiri\u00f3 a la causa en la cual se encuentra involucrada Cristina Fern\u00e1ndez de<\/p>\n","protected":false},"author":1,"featured_media":46775,"comment_status":"closed","ping_status":"open","sticky":false,"template":"","format":"standard","meta":{"colormag_page_container_layout":"default_layout","colormag_page_sidebar_layout":"default_layout","footnotes":""},"categories":[17,8],"tags":[2951,6784],"class_list":["post-46774","post","type-post","status-publish","format-standard","has-post-thumbnail","hentry","category-destacadas","category-politica","tag-cristina-fernandez-de-kirchner","tag-marilu-rodriguez-bustos"],"_links":{"self":[{"href":"https:\/\/sectorprensa.com.ar\/index.php?rest_route=\/wp\/v2\/posts\/46774","targetHints":{"allow":["GET"]}}],"collection":[{"href":"https:\/\/sectorprensa.com.ar\/index.php?rest_route=\/wp\/v2\/posts"}],"about":[{"href":"https:\/\/sectorprensa.com.ar\/index.php?rest_route=\/wp\/v2\/types\/post"}],"author":[{"embeddable":true,"href":"https:\/\/sectorprensa.com.ar\/index.php?rest_route=\/wp\/v2\/users\/1"}],"replies":[{"embeddable":true,"href":"https:\/\/sectorprensa.com.ar\/index.php?rest_route=%2Fwp%2Fv2%2Fcomments&post=46774"}],"version-history":[{"count":1,"href":"https:\/\/sectorprensa.com.ar\/index.php?rest_route=\/wp\/v2\/posts\/46774\/revisions"}],"predecessor-version":[{"id":46776,"href":"https:\/\/sectorprensa.com.ar\/index.php?rest_route=\/wp\/v2\/posts\/46774\/revisions\/46776"}],"wp:featuredmedia":[{"embeddable":true,"href":"https:\/\/sectorprensa.com.ar\/index.php?rest_route=\/wp\/v2\/media\/46775"}],"wp:attachment":[{"href":"https:\/\/sectorprensa.com.ar\/index.php?rest_route=%2Fwp%2Fv2%2Fmedia&parent=46774"}],"wp:term":[{"taxonomy":"category","embeddable":true,"href":"https:\/\/sectorprensa.com.ar\/index.php?rest_route=%2Fwp%2Fv2%2Fcategories&post=46774"},{"taxonomy":"post_tag","embeddable":true,"href":"https:\/\/sectorprensa.com.ar\/index.php?rest_route=%2Fwp%2Fv2%2Ftags&post=46774"}],"curies":[{"name":"wp","href":"https:\/\/api.w.org\/{rel}","templated":true}]}}