{"id":46870,"date":"2022-08-13T21:42:36","date_gmt":"2022-08-14T00:42:36","guid":{"rendered":"https:\/\/sectorprensa.com.ar\/?p=46870"},"modified":"2022-08-13T21:42:36","modified_gmt":"2022-08-14T00:42:36","slug":"centro-espanol-sumo-por-primera-vez-en-el-torneo","status":"publish","type":"post","link":"https:\/\/sectorprensa.com.ar\/?p=46870","title":{"rendered":"CENTRO ESPA\u00d1OL SUM\u00d3 POR PRIMERA VEZ EN EL TORNEO"},"content":{"rendered":"<h6><strong>El Gallego igual\u00f3 sin goles en su visita a Club Mercedes, sum\u00f3 su primer punto en el Clausura. Sin embargo, sigue sin convertir goles.<\/strong><\/h6>\n<p><!--more--><\/p>\n<p>Centro Espa\u00f1ol contin\u00faa con el arco cerrado, pero sum\u00f3 su primer punto en el torneo. En el marco de la fecha 4 del Clausura de la Primera D, el Gallego igual\u00f3 contra Club Mercedes 0 a 0 como visitante.<\/p>\n<p>Centro sigue en el \u00faltimo lugar de la tabla con 1 punto, adem\u00e1s no ha podido convertir goles. La pr\u00f3xima jornada quedar\u00e1 libre, luego recibir\u00e1 a Yupanqui.<\/p>\n<p><strong>Foto de archivo.<\/strong><\/p>\n","protected":false},"excerpt":{"rendered":"<p>El Gallego igual\u00f3 sin goles en su visita a Club Mercedes, sum\u00f3 su primer punto en el Clausura. Sin embargo,<\/p>\n","protected":false},"author":1,"featured_media":46173,"comment_status":"closed","ping_status":"open","sticky":false,"template":"","format":"standard","meta":{"colormag_page_container_layout":"default_layout","colormag_page_sidebar_layout":"default_layout","footnotes":""},"categories":[11],"tags":[744,175],"class_list":["post-46870","post","type-post","status-publish","format-standard","has-post-thumbnail","hentry","category-deportes","tag-centro-espanol","tag-primera-d"],"_links":{"self":[{"href":"https:\/\/sectorprensa.com.ar\/index.php?rest_route=\/wp\/v2\/posts\/46870","targetHints":{"allow":["GET"]}}],"collection":[{"href":"https:\/\/sectorprensa.com.ar\/index.php?rest_route=\/wp\/v2\/posts"}],"about":[{"href":"https:\/\/sectorprensa.com.ar\/index.php?rest_route=\/wp\/v2\/types\/post"}],"author":[{"embeddable":true,"href":"https:\/\/sectorprensa.com.ar\/index.php?rest_route=\/wp\/v2\/users\/1"}],"replies":[{"embeddable":true,"href":"https:\/\/sectorprensa.com.ar\/index.php?rest_route=%2Fwp%2Fv2%2Fcomments&post=46870"}],"version-history":[{"count":1,"href":"https:\/\/sectorprensa.com.ar\/index.php?rest_route=\/wp\/v2\/posts\/46870\/revisions"}],"predecessor-version":[{"id":46871,"href":"https:\/\/sectorprensa.com.ar\/index.php?rest_route=\/wp\/v2\/posts\/46870\/revisions\/46871"}],"wp:featuredmedia":[{"embeddable":true,"href":"https:\/\/sectorprensa.com.ar\/index.php?rest_route=\/wp\/v2\/media\/46173"}],"wp:attachment":[{"href":"https:\/\/sectorprensa.com.ar\/index.php?rest_route=%2Fwp%2Fv2%2Fmedia&parent=46870"}],"wp:term":[{"taxonomy":"category","embeddable":true,"href":"https:\/\/sectorprensa.com.ar\/index.php?rest_route=%2Fwp%2Fv2%2Fcategories&post=46870"},{"taxonomy":"post_tag","embeddable":true,"href":"https:\/\/sectorprensa.com.ar\/index.php?rest_route=%2Fwp%2Fv2%2Ftags&post=46870"}],"curies":[{"name":"wp","href":"https:\/\/api.w.org\/{rel}","templated":true}]}}