{"id":46875,"date":"2022-08-14T13:53:58","date_gmt":"2022-08-14T16:53:58","guid":{"rendered":"https:\/\/sectorprensa.com.ar\/?p=46875"},"modified":"2022-08-14T13:53:58","modified_gmt":"2022-08-14T16:53:58","slug":"merlo-nuevo-encuentro-del-programa-pasa-la-posta","status":"publish","type":"post","link":"https:\/\/sectorprensa.com.ar\/?p=46875","title":{"rendered":"MERLO: NUEVO ENCUENTRO DEL PROGRAMA \u00abPAS\u00c1 LA POSTA\u00bb"},"content":{"rendered":"<h6><strong>El programa a cargo de Direcci\u00f3n de Derechos Humanos de Merlo junto con el Ministerio de Mujeres, G\u00e9nero y Diversidad de la Naci\u00f3n, llev\u00f3 a cabo su cuarto encuentro.<\/strong><\/h6>\n<p><!--more--><\/p>\n<p>El programa \u00abPas\u00e1 la Posta\u00bb, el cual debate los derechos humanos aplicados al g\u00e9nero y la diversidad, realiz\u00f3 su cuarto encuentro en Merlo. En esta jornada, reflexionaron sobre los conceptos b\u00e1sicos del patriarcado, feminismo y diversidad, al tiempo que construyeron una l\u00ednea de tiempo sobre las conquistas hist\u00f3ricas del colectivo LGTBIQ+.<\/p>\n<p>La sede de la reuni\u00f3n fue la Secretar\u00eda de Desarrollo Econ\u00f3mico Sustentable, los j\u00f3venes que participaron no s\u00f3lo intercambiaron ideas, tambi\u00e9n llevaron a cabo actividades grupales.<\/p>\n<p>\u201cAbordamos diferentes tem\u00e1ticas en forma de taller y buscamos que los ciudadanos de nuestro distrito, no solo puedan reflexionar sino tambien construir herramientas para trabajar esto en sus barrios\u201d, declar\u00f3 Marcela Maidana, Directora de Derechos Humanos del distrito.<\/p>\n<p>Por su parte Lucero Diacakis, quien integra el equipo de Juventudes del Ministerio de Mujeres, G\u00e9nero y Diversidad de la Naci\u00f3n, explic\u00f3 que el fin de la iniciativa es que los j\u00f3venes se acerquen a sus derechos y \u00ablos repliquen en sus territorios\u00bb.<\/p>\n<blockquote class=\"wp-embedded-content\" data-secret=\"mvocCDM5Tn\"><p><a href=\"https:\/\/sectorprensa.com.ar\/merlo-avanza-la-urbanizacion-de-los-barrios-populares\/\">MERLO: AVANZA LA URBANIZACI\u00d3N DE LOS BARRIOS POPULARES<\/a><\/p><\/blockquote>\n<p><iframe loading=\"lazy\" class=\"wp-embedded-content\" sandbox=\"allow-scripts\" security=\"restricted\" style=\"position: absolute; clip: rect(1px, 1px, 1px, 1px);\" title=\"&#8220;MERLO: AVANZA LA URBANIZACI\u00d3N DE LOS BARRIOS POPULARES&#8221; &#8212; SECTOR PRENSA\" src=\"https:\/\/sectorprensa.com.ar\/merlo-avanza-la-urbanizacion-de-los-barrios-populares\/embed\/#?secret=mvocCDM5Tn\" data-secret=\"mvocCDM5Tn\" width=\"600\" height=\"338\" frameborder=\"0\" marginwidth=\"0\" marginheight=\"0\" scrolling=\"no\"><\/iframe><\/p>\n","protected":false},"excerpt":{"rendered":"<p>El programa a cargo de Direcci\u00f3n de Derechos Humanos de Merlo junto con el Ministerio de Mujeres, G\u00e9nero y Diversidad<\/p>\n","protected":false},"author":1,"featured_media":46876,"comment_status":"closed","ping_status":"open","sticky":false,"template":"","format":"standard","meta":{"colormag_page_container_layout":"default_layout","colormag_page_sidebar_layout":"default_layout","footnotes":""},"categories":[17,7],"tags":[6791,6790],"class_list":["post-46875","post","type-post","status-publish","format-standard","has-post-thumbnail","hentry","category-destacadas","category-merlo","tag-direccion-de-derechos-humanos-de-merlo","tag-pasa-la-posta"],"_links":{"self":[{"href":"https:\/\/sectorprensa.com.ar\/index.php?rest_route=\/wp\/v2\/posts\/46875","targetHints":{"allow":["GET"]}}],"collection":[{"href":"https:\/\/sectorprensa.com.ar\/index.php?rest_route=\/wp\/v2\/posts"}],"about":[{"href":"https:\/\/sectorprensa.com.ar\/index.php?rest_route=\/wp\/v2\/types\/post"}],"author":[{"embeddable":true,"href":"https:\/\/sectorprensa.com.ar\/index.php?rest_route=\/wp\/v2\/users\/1"}],"replies":[{"embeddable":true,"href":"https:\/\/sectorprensa.com.ar\/index.php?rest_route=%2Fwp%2Fv2%2Fcomments&post=46875"}],"version-history":[{"count":1,"href":"https:\/\/sectorprensa.com.ar\/index.php?rest_route=\/wp\/v2\/posts\/46875\/revisions"}],"predecessor-version":[{"id":46877,"href":"https:\/\/sectorprensa.com.ar\/index.php?rest_route=\/wp\/v2\/posts\/46875\/revisions\/46877"}],"wp:featuredmedia":[{"embeddable":true,"href":"https:\/\/sectorprensa.com.ar\/index.php?rest_route=\/wp\/v2\/media\/46876"}],"wp:attachment":[{"href":"https:\/\/sectorprensa.com.ar\/index.php?rest_route=%2Fwp%2Fv2%2Fmedia&parent=46875"}],"wp:term":[{"taxonomy":"category","embeddable":true,"href":"https:\/\/sectorprensa.com.ar\/index.php?rest_route=%2Fwp%2Fv2%2Fcategories&post=46875"},{"taxonomy":"post_tag","embeddable":true,"href":"https:\/\/sectorprensa.com.ar\/index.php?rest_route=%2Fwp%2Fv2%2Ftags&post=46875"}],"curies":[{"name":"wp","href":"https:\/\/api.w.org\/{rel}","templated":true}]}}