{"id":46888,"date":"2022-08-15T06:00:52","date_gmt":"2022-08-15T09:00:52","guid":{"rendered":"https:\/\/sectorprensa.com.ar\/?p=46888"},"modified":"2022-08-14T18:13:12","modified_gmt":"2022-08-14T21:13:12","slug":"castelar-delincuentes-le-apagaron-la-moto-a-un-joven-lo-chocaron-y-se-la-robaron","status":"publish","type":"post","link":"https:\/\/sectorprensa.com.ar\/?p=46888","title":{"rendered":"CASTELAR: DELINCUENTES LE APAGARON LA MOTO A UN JOVEN, LO CHOCARON Y SE LA ROBARON"},"content":{"rendered":"<h6><strong>Ocurri\u00f3 en la calle Tornquist entre Eva Per\u00f3n y Avelino Palacios. Los cuatro delincuentes escaparon.<\/strong><\/h6>\n<p><!--more--><\/p>\n<p>Un violento robo ocurri\u00f3 el pasado viernes a la tarde en Castelar, partido de Mor\u00f3n. All\u00ed, cuatro delincuentes le quitaron de manera violenta la moto a un joven que volv\u00eda de trabajar.<\/p>\n<p>El hecho ocurri\u00f3 en la calle Tornquist entre Eva Per\u00f3n y Avelino Palacios, cuando Lautaro viajaba en el mencionado rodado y le pasaron dos delincuentes en moto y le apagaron su moto luego de sacarles las llaves. Segundos despu\u00e9s, otros dos motochorros chocan a Lautaro.<\/p>\n<p>Una vez en el piso, un malviviente levant\u00f3 la Honda Wave blanca de Lautaro, la arranc\u00f3 y los delincuentes escaparon.<\/p>\n<p>La denuncia fue radicada en la comisar\u00eda 4\u00aa de Mor\u00f3n sur: esperan encontrar el rodado en las pr\u00f3ximas horas.<\/p>\n<blockquote class=\"wp-embedded-content\" data-secret=\"KCHnzVjPkT\"><p><a href=\"https:\/\/sectorprensa.com.ar\/castelar-balearon-a-un-policia-retirado-de-la-federal-y-le-robaron-el-auto-y-su-arma\/\">CASTELAR: BALEARON A UN POLIC\u00cdA RETIRADO DE LA FEDERAL Y LE ROBARON EL AUTO Y SU ARMA<\/a><\/p><\/blockquote>\n<p><iframe loading=\"lazy\" class=\"wp-embedded-content\" sandbox=\"allow-scripts\" security=\"restricted\" style=\"position: absolute; clip: rect(1px, 1px, 1px, 1px);\" title=\"&#8220;CASTELAR: BALEARON A UN POLIC\u00cdA RETIRADO DE LA FEDERAL Y LE ROBARON EL AUTO Y SU ARMA&#8221; &#8212; SECTOR PRENSA\" src=\"https:\/\/sectorprensa.com.ar\/castelar-balearon-a-un-policia-retirado-de-la-federal-y-le-robaron-el-auto-y-su-arma\/embed\/#?secret=KCHnzVjPkT\" data-secret=\"KCHnzVjPkT\" width=\"600\" height=\"338\" frameborder=\"0\" marginwidth=\"0\" marginheight=\"0\" scrolling=\"no\"><\/iframe><\/p>\n","protected":false},"excerpt":{"rendered":"<p>Ocurri\u00f3 en la calle Tornquist entre Eva Per\u00f3n y Avelino Palacios. Los cuatro delincuentes escaparon.<\/p>\n","protected":false},"author":1,"featured_media":46889,"comment_status":"closed","ping_status":"open","sticky":false,"template":"","format":"standard","meta":{"colormag_page_container_layout":"default_layout","colormag_page_sidebar_layout":"default_layout","footnotes":""},"categories":[1,5,12],"tags":[290,2057,165,389,74],"class_list":["post-46888","post","type-post","status-publish","format-standard","has-post-thumbnail","hentry","category-destacado","category-moron","category-policiales","tag-castelar","tag-choque","tag-delincuentes","tag-motochorros","tag-robo"],"_links":{"self":[{"href":"https:\/\/sectorprensa.com.ar\/index.php?rest_route=\/wp\/v2\/posts\/46888","targetHints":{"allow":["GET"]}}],"collection":[{"href":"https:\/\/sectorprensa.com.ar\/index.php?rest_route=\/wp\/v2\/posts"}],"about":[{"href":"https:\/\/sectorprensa.com.ar\/index.php?rest_route=\/wp\/v2\/types\/post"}],"author":[{"embeddable":true,"href":"https:\/\/sectorprensa.com.ar\/index.php?rest_route=\/wp\/v2\/users\/1"}],"replies":[{"embeddable":true,"href":"https:\/\/sectorprensa.com.ar\/index.php?rest_route=%2Fwp%2Fv2%2Fcomments&post=46888"}],"version-history":[{"count":1,"href":"https:\/\/sectorprensa.com.ar\/index.php?rest_route=\/wp\/v2\/posts\/46888\/revisions"}],"predecessor-version":[{"id":46890,"href":"https:\/\/sectorprensa.com.ar\/index.php?rest_route=\/wp\/v2\/posts\/46888\/revisions\/46890"}],"wp:featuredmedia":[{"embeddable":true,"href":"https:\/\/sectorprensa.com.ar\/index.php?rest_route=\/wp\/v2\/media\/46889"}],"wp:attachment":[{"href":"https:\/\/sectorprensa.com.ar\/index.php?rest_route=%2Fwp%2Fv2%2Fmedia&parent=46888"}],"wp:term":[{"taxonomy":"category","embeddable":true,"href":"https:\/\/sectorprensa.com.ar\/index.php?rest_route=%2Fwp%2Fv2%2Fcategories&post=46888"},{"taxonomy":"post_tag","embeddable":true,"href":"https:\/\/sectorprensa.com.ar\/index.php?rest_route=%2Fwp%2Fv2%2Ftags&post=46888"}],"curies":[{"name":"wp","href":"https:\/\/api.w.org\/{rel}","templated":true}]}}