{"id":46895,"date":"2022-08-16T06:15:35","date_gmt":"2022-08-16T09:15:35","guid":{"rendered":"https:\/\/sectorprensa.com.ar\/?p=46895"},"modified":"2022-08-15T17:37:13","modified_gmt":"2022-08-15T20:37:13","slug":"moreno-se-presento-el-programa-mi-escuela-recicla","status":"publish","type":"post","link":"https:\/\/sectorprensa.com.ar\/?p=46895","title":{"rendered":"MORENO: SE PRESENT\u00d3 EL PROGRAMA \u00abMI ESCUELA RECICLA\u00bb"},"content":{"rendered":"<h6><strong>Con el objetivo de concientizar sobre el cuidado del ambiente, del que ya participan m\u00e1s de 70 instituciones.<\/strong><\/h6>\n<p><!--more--><\/p>\n<p>En el Polideportivo de Paso del Rey, la intendenta de Moreno, Mariel Fern\u00e1ndez, present\u00f3 el programa \u201cMi Escuela Recicla\u201d junto a Clara C\u00e1rdenas, directora Provincial de Educaci\u00f3n y Participaci\u00f3n Ambiental; Karina Ram\u00edrez, jefa distrital de Educaci\u00f3n; Anal\u00eda Caba\u00f1a, secretaria de Salud y Ambiente local y Xenia Abad, directora de Promoci\u00f3n Ambiental del Municipio.<\/p>\n<p>Este programa est\u00e1 destinado a estudiantes de nivel primario y secundario y tiene como objetivo concientizar sobre las problem\u00e1ticas ambientales y el uso de los recursos; fomentar una actitud comprometida con el cuidado del ambiente y la reducci\u00f3n de la generaci\u00f3n de residuos y promover una conciencia cr\u00edtica sobre los h\u00e1bitos que se pueda extender a toda la comunidad.<\/p>\n<blockquote class=\"twitter-tweet\" data-width=\"550\" data-dnt=\"true\">\n<p lang=\"es\" dir=\"ltr\">Junto a la secretaria de Salud y Ambiente, Anal\u00eda Caba\u00f1a y parte de nuestra comunidad educativa presentamos el programa Municipal Mi Escuela Recicla. <a href=\"https:\/\/t.co\/EGgRsxRdAR\">pic.twitter.com\/EGgRsxRdAR<\/a><\/p>\n<p>&mdash; Mariel Fern\u00e1ndez (@marielfmoreno1) <a href=\"https:\/\/twitter.com\/marielfmoreno1\/status\/1557808379921416192?ref_src=twsrc%5Etfw\">August 11, 2022<\/a><\/p><\/blockquote>\n<p><script async src=\"https:\/\/platform.twitter.com\/widgets.js\" charset=\"utf-8\"><\/script><\/p>\n<p>En este sentido, Mariel Fern\u00e1ndez destac\u00f3: \u201cEn Moreno el servicio de recolecci\u00f3n se pens\u00f3 como un negocio y en las ganancias y no en el medio ambiente o como se saneaba Moreno o se mejoraba la recolecci\u00f3n, se llevaba m\u00e1s del 50 por ciento del presupuesto municipal y ahora la recolecci\u00f3n representa solo el 13 por ciento de nuestro presupuesto, todo lo dem\u00e1s se reinvierte en Moreno. Siempre decimos que es una gesti\u00f3n que se apoya en su comunidad por eso es tan importante que se puedan sumar las comunidades educativas porque las grandes transformaciones son culturales a trav\u00e9s de la educaci\u00f3n, es central el rol de las escuelas y que cada vez m\u00e1s se sumen a estas pol\u00edticas de medio ambiente\u201d.<\/p>\n<p>Las escuelas son espacios fundamentales para reflexionar sobre el cuidado del medio ambiente y parte de los Puntos Verdes (espacios comunitarios) donde se realiza la separaci\u00f3n interna de los materiales reciclables, org\u00e1nicos y no reciclables que generan en las instituciones.<\/p>\n<p>Tambi\u00e9n estuvieron presentes autoridades locales y provinciales, concejales y concejalas, consejeros y consejeras escolares, directivos, docentes y alumnos y alumnas de la comunidad educativa.<\/p>\n<blockquote class=\"wp-embedded-content\" data-secret=\"aa3IbaN1kC\"><p><a href=\"https:\/\/sectorprensa.com.ar\/moreno-se-realizaron-200-operativos-de-amor-por-el-barrio\/\">MORENO: SE REALIZARON 200 OPERATIVOS DE AMOR POR EL BARRIO<\/a><\/p><\/blockquote>\n<p><iframe loading=\"lazy\" class=\"wp-embedded-content\" sandbox=\"allow-scripts\" security=\"restricted\" style=\"position: absolute; clip: rect(1px, 1px, 1px, 1px);\" title=\"&#8220;MORENO: SE REALIZARON 200 OPERATIVOS DE AMOR POR EL BARRIO&#8221; &#8212; SECTOR PRENSA\" src=\"https:\/\/sectorprensa.com.ar\/moreno-se-realizaron-200-operativos-de-amor-por-el-barrio\/embed\/#?secret=aa3IbaN1kC\" data-secret=\"aa3IbaN1kC\" width=\"600\" height=\"338\" frameborder=\"0\" marginwidth=\"0\" marginheight=\"0\" scrolling=\"no\"><\/iframe><\/p>\n","protected":false},"excerpt":{"rendered":"<p>Con el objetivo de concientizar sobre el cuidado del ambiente, del que ya participan m\u00e1s de 70 instituciones.<\/p>\n","protected":false},"author":1,"featured_media":46896,"comment_status":"closed","ping_status":"open","sticky":false,"template":"","format":"standard","meta":{"colormag_page_container_layout":"default_layout","colormag_page_sidebar_layout":"default_layout","footnotes":""},"categories":[17,2154,1173,10],"tags":[2898,6478,2221,1542],"class_list":["post-46895","post","type-post","status-publish","format-standard","has-post-thumbnail","hentry","category-destacadas","category-moreno","category-municipales","category-sociedad","tag-mariel-fernandez","tag-mi-escuela-recicla","tag-paso-del-rey","tag-programa"],"_links":{"self":[{"href":"https:\/\/sectorprensa.com.ar\/index.php?rest_route=\/wp\/v2\/posts\/46895","targetHints":{"allow":["GET"]}}],"collection":[{"href":"https:\/\/sectorprensa.com.ar\/index.php?rest_route=\/wp\/v2\/posts"}],"about":[{"href":"https:\/\/sectorprensa.com.ar\/index.php?rest_route=\/wp\/v2\/types\/post"}],"author":[{"embeddable":true,"href":"https:\/\/sectorprensa.com.ar\/index.php?rest_route=\/wp\/v2\/users\/1"}],"replies":[{"embeddable":true,"href":"https:\/\/sectorprensa.com.ar\/index.php?rest_route=%2Fwp%2Fv2%2Fcomments&post=46895"}],"version-history":[{"count":2,"href":"https:\/\/sectorprensa.com.ar\/index.php?rest_route=\/wp\/v2\/posts\/46895\/revisions"}],"predecessor-version":[{"id":46937,"href":"https:\/\/sectorprensa.com.ar\/index.php?rest_route=\/wp\/v2\/posts\/46895\/revisions\/46937"}],"wp:featuredmedia":[{"embeddable":true,"href":"https:\/\/sectorprensa.com.ar\/index.php?rest_route=\/wp\/v2\/media\/46896"}],"wp:attachment":[{"href":"https:\/\/sectorprensa.com.ar\/index.php?rest_route=%2Fwp%2Fv2%2Fmedia&parent=46895"}],"wp:term":[{"taxonomy":"category","embeddable":true,"href":"https:\/\/sectorprensa.com.ar\/index.php?rest_route=%2Fwp%2Fv2%2Fcategories&post=46895"},{"taxonomy":"post_tag","embeddable":true,"href":"https:\/\/sectorprensa.com.ar\/index.php?rest_route=%2Fwp%2Fv2%2Ftags&post=46895"}],"curies":[{"name":"wp","href":"https:\/\/api.w.org\/{rel}","templated":true}]}}