{"id":47027,"date":"2022-08-19T22:11:27","date_gmt":"2022-08-19T22:11:27","guid":{"rendered":"https:\/\/iigxumcg.sokaris.urltemporal.com\/?p=47027"},"modified":"2022-08-19T22:11:29","modified_gmt":"2022-08-19T22:11:29","slug":"la-provincia-licito-desagues-pluviales-para-el-municipio-de-moreno","status":"publish","type":"post","link":"https:\/\/sectorprensa.com.ar\/?p=47027","title":{"rendered":"LA PROVINCIA LICIT\u00d3 DESAG\u00dcES PLUVIALES PARA EL MUNICIPIO DE MORENO"},"content":{"rendered":"\n<h6 class=\"wp-block-heading\"><strong>Para reducir el impacto de las precipitaciones en las zonas afectadas.<\/strong><\/h6>\n\n\n\n<p>El Ministerio de Infraestructura y Servicios P\u00fablicos bonaerense, mediante la Subsecretar\u00eda de Recursos H\u00eddricos, realiz\u00f3 licitaciones de obras de desag\u00fces cloacales para el municipio de Moreno, con una inversi\u00f3n de 1.350 millones de pesos.<\/p>\n\n\n\n<p>El proyecto propuesto por el Gobierno de la Provincia y acompa\u00f1ado por la gesti\u00f3n municipal encabezada por Mariel Fern\u00e1ndez, consiste en la construcci\u00f3n de un sistema de conductos enterrados, de secciones circulares y rectangulares de una sola celda, que se conecten a la superficie mediante sumideros, cuyo objetivo ser\u00e1 evacuar los excedentes pluviales y guiarlos hasta el cuerpo receptor que es el R\u00edo de la Reconquista. El \u00e1rea total a drenar es de 280.50 hect\u00e1reas, con un total de 280 manzanas que se van a sanear y beneficiar\u00e1 a m\u00e1s de 9.500 habitantes.<\/p>\n\n\n\n<p>Estuvieron presentes el subsecretario de Recursos H\u00eddricos, Guillermo Jelinski, y la secretaria Obras y servicios P\u00fablicos, Mar\u00eda Gim\u00e9nez.<\/p>\n\n\n\n<figure class=\"wp-block-embed\"><div class=\"wp-block-embed__wrapper\">\n<blockquote class=\"wp-embedded-content\" data-secret=\"Ch7gNs7rDE\"><a href=\"https:\/\/sectorprensa.com.ar\/moreno-se-presento-el-programa-mi-escuela-recicla\/\">MORENO: SE PRESENT\u00d3 EL PROGRAMA &#8220;MI ESCUELA RECICLA&#8221;<\/a><\/blockquote><iframe loading=\"lazy\" class=\"wp-embedded-content\" sandbox=\"allow-scripts\" security=\"restricted\" style=\"position: absolute; clip: rect(1px, 1px, 1px, 1px);\" title=\"&#8220;MORENO: SE PRESENT\u00d3 EL PROGRAMA &#8220;MI ESCUELA RECICLA&#8221;&#8221; &#8212; SECTOR PRENSA\" src=\"https:\/\/sectorprensa.com.ar\/moreno-se-presento-el-programa-mi-escuela-recicla\/embed\/#?secret=Ch7gNs7rDE\" data-secret=\"Ch7gNs7rDE\" width=\"600\" height=\"338\" frameborder=\"0\" marginwidth=\"0\" marginheight=\"0\" scrolling=\"no\"><\/iframe>\n<\/div><\/figure>\n\n\n\n<p><a href=\"https:\/\/sectorprensa.com.ar\/la-provincia-licito-desagues-pluviales-para-el-municipio-de-moreno\/\"><\/a><\/p>\n\r\n","protected":false},"excerpt":{"rendered":"<p>Para reducir el impacto de las precipitaciones en las zonas afectadas. El Ministerio de Infraestructura y Servicios P\u00fablicos bonaerense, mediante<\/p>\n","protected":false},"author":1,"featured_media":47028,"comment_status":"open","ping_status":"open","sticky":false,"template":"","format":"standard","meta":{"colormag_page_container_layout":"default_layout","colormag_page_sidebar_layout":"default_layout","footnotes":""},"categories":[17,2154,1173,10],"tags":[],"class_list":["post-47027","post","type-post","status-publish","format-standard","has-post-thumbnail","hentry","category-destacadas","category-moreno","category-municipales","category-sociedad"],"_links":{"self":[{"href":"https:\/\/sectorprensa.com.ar\/index.php?rest_route=\/wp\/v2\/posts\/47027","targetHints":{"allow":["GET"]}}],"collection":[{"href":"https:\/\/sectorprensa.com.ar\/index.php?rest_route=\/wp\/v2\/posts"}],"about":[{"href":"https:\/\/sectorprensa.com.ar\/index.php?rest_route=\/wp\/v2\/types\/post"}],"author":[{"embeddable":true,"href":"https:\/\/sectorprensa.com.ar\/index.php?rest_route=\/wp\/v2\/users\/1"}],"replies":[{"embeddable":true,"href":"https:\/\/sectorprensa.com.ar\/index.php?rest_route=%2Fwp%2Fv2%2Fcomments&post=47027"}],"version-history":[{"count":1,"href":"https:\/\/sectorprensa.com.ar\/index.php?rest_route=\/wp\/v2\/posts\/47027\/revisions"}],"predecessor-version":[{"id":47029,"href":"https:\/\/sectorprensa.com.ar\/index.php?rest_route=\/wp\/v2\/posts\/47027\/revisions\/47029"}],"wp:featuredmedia":[{"embeddable":true,"href":"https:\/\/sectorprensa.com.ar\/index.php?rest_route=\/wp\/v2\/media\/47028"}],"wp:attachment":[{"href":"https:\/\/sectorprensa.com.ar\/index.php?rest_route=%2Fwp%2Fv2%2Fmedia&parent=47027"}],"wp:term":[{"taxonomy":"category","embeddable":true,"href":"https:\/\/sectorprensa.com.ar\/index.php?rest_route=%2Fwp%2Fv2%2Fcategories&post=47027"},{"taxonomy":"post_tag","embeddable":true,"href":"https:\/\/sectorprensa.com.ar\/index.php?rest_route=%2Fwp%2Fv2%2Ftags&post=47027"}],"curies":[{"name":"wp","href":"https:\/\/api.w.org\/{rel}","templated":true}]}}