{"id":47030,"date":"2022-08-19T22:15:22","date_gmt":"2022-08-19T22:15:22","guid":{"rendered":"https:\/\/iigxumcg.sokaris.urltemporal.com\/?p=47030"},"modified":"2022-08-19T22:15:24","modified_gmt":"2022-08-19T22:15:24","slug":"junto-a-valenzuela-macri-visito-comercios-y-hablo-con-vecinos-en-tres-de-febrero","status":"publish","type":"post","link":"https:\/\/sectorprensa.com.ar\/?p=47030","title":{"rendered":"JUNTO A VALENZUELA, MACRI VISIT\u00d3 COMERCIOS Y HABL\u00d3 CON VECINOS EN TRES DE FEBRERO"},"content":{"rendered":"\n<h6 class=\"wp-block-heading\"><strong>El intendente del distrito y el ex Presidente estuvieron en Villa Bosch y conversaron con vecinos de la zona.<\/strong><\/h6>\n\n\n\n<p>El intendente de Tres de Febrero, Diego Valenzuela, recibi\u00f3 en el distrito al ex Presidente Mauricio Macri para recorrer Villa Bosch, visitar comercios de la zona y charlar con comerciantes y vecinos sobre la actualidad argentina. \u201cLa semana pasada votamos la baja de impuestos y pudimos convencer a la oposici\u00f3n que es una medida muy importante en este momento dif\u00edcil\u201d, expres\u00f3 Valenzuela.<\/p>\n\n\n\n<p>Visitaron una helader\u00eda y una cafeter\u00eda local, donde charlaron sobre la actualidad de la Argentina y la importancia de seguir trabajando juntos para crear una alternativa fuerte que represente a todos los argentinos. \u201cEl gobierno actual le hizo mucho da\u00f1o tanto social como econ\u00f3mico a la Argentina. Todo Juntos debe estar unido para poder sacar adelante el pa\u00eds a partir del 2023\u201d, indic\u00f3 el mandatario bonaerense.<\/p>\n\n\n\n<p>A su vez, Macri, indic\u00f3: \u201cTodos tenemos que volver a pensar y razonar por qu\u00e9 est\u00e1bamos inc\u00f3modos con lo que viv\u00edamos. Necesitamos cambios contundentes en la seguridad, en la calidad del Estado. Si no est\u00e1 ordenado lo econ\u00f3mico y lo social, no se puede. Lan\u00fas, CABA y Tres de Febrero son ejemplos de los cambios que queremos\u201d.<\/p>\n\n\n\n<p>Para finalizar, se reunieron con vecinos y comerciantes para debatir sobre la dificultad para llegar a fin de mes y la inflaci\u00f3n. Tambi\u00e9n hubo tiempo para recordar cuando Valenzuela le propuso a Macri ser una alternativa en el distrito que hoy gobierna. \u201cEstamos ac\u00e1 en buena medida por tu apoyo y logramos que Tres de Febrero tuviera una esperanza\u201d, reflexion\u00f3 el jefe comunal. Y cerr\u00f3: \u201cUn orgullo c\u00f3mo te recibi\u00f3 el pueblo de Tres de Febrero y muchas gracias por visitarnos\u201d.<\/p>\n\n\n\n<figure class=\"wp-block-embed\"><div class=\"wp-block-embed__wrapper\">\n<blockquote class=\"wp-embedded-content\" data-secret=\"dGI8bPCbCc\"><a href=\"https:\/\/sectorprensa.com.ar\/video-macri-visito-ituzaingo-un-canillita-le-nego-el-saludo\/\">[VIDEO] MACRI VISIT\u00d3 ITUZAING\u00d3: UN CANILLITA LE NEG\u00d3 EL SALUDO<\/a><\/blockquote><iframe loading=\"lazy\" class=\"wp-embedded-content\" sandbox=\"allow-scripts\" security=\"restricted\" style=\"position: absolute; clip: rect(1px, 1px, 1px, 1px);\" title=\"&#8220;[VIDEO] MACRI VISIT\u00d3 ITUZAING\u00d3: UN CANILLITA LE NEG\u00d3 EL SALUDO&#8221; &#8212; SECTOR PRENSA\" src=\"https:\/\/sectorprensa.com.ar\/video-macri-visito-ituzaingo-un-canillita-le-nego-el-saludo\/embed\/#?secret=dGI8bPCbCc\" data-secret=\"dGI8bPCbCc\" width=\"600\" height=\"338\" frameborder=\"0\" marginwidth=\"0\" marginheight=\"0\" scrolling=\"no\"><\/iframe>\n<\/div><\/figure>\n\n\n\n<p><a href=\"https:\/\/sectorprensa.com.ar\/junto-a-valenzuela-macri-visito-comercios-y-hablo-con-vecinos-en-tres-de-febrero\/\"><\/a><\/p>\n\r\n","protected":false},"excerpt":{"rendered":"<p>El intendente del distrito y el ex Presidente estuvieron en Villa Bosch y conversaron con vecinos de la zona. El<\/p>\n","protected":false},"author":1,"featured_media":47031,"comment_status":"open","ping_status":"open","sticky":false,"template":"","format":"standard","meta":{"colormag_page_container_layout":"default_layout","colormag_page_sidebar_layout":"default_layout","footnotes":""},"categories":[17,8,10],"tags":[189,285,4018,190],"class_list":["post-47030","post","type-post","status-publish","format-standard","has-post-thumbnail","hentry","category-destacadas","category-politica","category-sociedad","tag-diego-valenzuela","tag-mauricio-macri","tag-recorrida","tag-tres-de-febrero"],"_links":{"self":[{"href":"https:\/\/sectorprensa.com.ar\/index.php?rest_route=\/wp\/v2\/posts\/47030","targetHints":{"allow":["GET"]}}],"collection":[{"href":"https:\/\/sectorprensa.com.ar\/index.php?rest_route=\/wp\/v2\/posts"}],"about":[{"href":"https:\/\/sectorprensa.com.ar\/index.php?rest_route=\/wp\/v2\/types\/post"}],"author":[{"embeddable":true,"href":"https:\/\/sectorprensa.com.ar\/index.php?rest_route=\/wp\/v2\/users\/1"}],"replies":[{"embeddable":true,"href":"https:\/\/sectorprensa.com.ar\/index.php?rest_route=%2Fwp%2Fv2%2Fcomments&post=47030"}],"version-history":[{"count":1,"href":"https:\/\/sectorprensa.com.ar\/index.php?rest_route=\/wp\/v2\/posts\/47030\/revisions"}],"predecessor-version":[{"id":47032,"href":"https:\/\/sectorprensa.com.ar\/index.php?rest_route=\/wp\/v2\/posts\/47030\/revisions\/47032"}],"wp:featuredmedia":[{"embeddable":true,"href":"https:\/\/sectorprensa.com.ar\/index.php?rest_route=\/wp\/v2\/media\/47031"}],"wp:attachment":[{"href":"https:\/\/sectorprensa.com.ar\/index.php?rest_route=%2Fwp%2Fv2%2Fmedia&parent=47030"}],"wp:term":[{"taxonomy":"category","embeddable":true,"href":"https:\/\/sectorprensa.com.ar\/index.php?rest_route=%2Fwp%2Fv2%2Fcategories&post=47030"},{"taxonomy":"post_tag","embeddable":true,"href":"https:\/\/sectorprensa.com.ar\/index.php?rest_route=%2Fwp%2Fv2%2Ftags&post=47030"}],"curies":[{"name":"wp","href":"https:\/\/api.w.org\/{rel}","templated":true}]}}