{"id":47232,"date":"2022-08-26T06:15:00","date_gmt":"2022-08-26T06:15:00","guid":{"rendered":"https:\/\/sectorprensa.com.ar\/?p=47232"},"modified":"2022-08-25T15:38:30","modified_gmt":"2022-08-25T15:38:30","slug":"san-isidro-el-municipio-renovo-una-plaza-en-la-costa-de-acassuso","status":"publish","type":"post","link":"https:\/\/sectorprensa.com.ar\/?p=47232","title":{"rendered":"SAN ISIDRO: EL MUNICIPIO RENOV\u00d3 UNA PLAZA EN LA COSTA DE ACASSUSO"},"content":{"rendered":"\n<h6 class=\"wp-block-heading\"><strong>El intendente de San Isidro, Gustavo Posse, visit\u00f3 la renovada Plaza del \u00c1guila, en Elcano al 1300, que cuenta como principal atracci\u00f3n con un barco pirata para que jueguen los chicos y chicas.<\/strong><\/h6>\n\n\n\n<p>\u201cContinuamos con la remodelaci\u00f3n de los parques y plazas en todas las localidades del partido. En esta oportunidad, es un espacio p\u00fablico a orillas del r\u00edo para que las familias puedan disfrutar. Estos son bienes sociales que nos ponen en pie de igualdad a todos\u201d, se\u00f1al\u00f3 Posse, luego de recorrer la plaza y dialogar con los vecinos.<\/p>\n\n\n\n<p>En el sector, como principal novedad se mont\u00f3 un barco recreativo con capacidad para unos 25 ni\u00f1os y ni\u00f1as. En total son 300m2 con pisos antigolpes confeccionados con caucho reciclado, hamacas, subibajas, toboganes, calesitas y hasta un trepador.<\/p>\n\n\n\n<p>Adem\u00e1s, se instalaron nuevas luminarias led y d\u00e1rsenas de estacionamiento.<\/p>\n\n\n\n<p>A lo largo del a\u00f1o ya se renovaron la plaza Malvinas (Boulogne), plaza Soleil (Bajo Boulogne), plaza Alsina (San Isidro), el paseo p\u00fablico Costero (Mart\u00ednez), plaza Carlos Gardel (Beccar), plaza Lourdes (Beccar), entre otros espacios p\u00fablicos.<\/p>\n\n\n\n<figure class=\"wp-block-embed is-type-wp-embed is-provider-sector-prensa wp-block-embed-sector-prensa\"><div class=\"wp-block-embed__wrapper\">\n<blockquote class=\"wp-embedded-content\" data-secret=\"7Rj33oo72U\"><a href=\"https:\/\/sectorprensa.com.ar\/2022\/08\/17\/raverta-superviso-el-avance-de-la-obra-de-la-nueva-oficina-de-la-anses-en-boulogne\/\">RAVERTA SUPERVIS\u00d3 EL AVANCE DE LA OBRA DE LA NUEVA OFICINA DE LA ANSES EN BOULOGNE<\/a><\/blockquote><iframe loading=\"lazy\" class=\"wp-embedded-content\" sandbox=\"allow-scripts\" security=\"restricted\" style=\"position: absolute; clip: rect(1px, 1px, 1px, 1px);\" title=\"\u00abRAVERTA SUPERVIS\u00d3 EL AVANCE DE LA OBRA DE LA NUEVA OFICINA DE LA ANSES EN BOULOGNE\u00bb \u2014 Sector Prensa\" src=\"https:\/\/sectorprensa.com.ar\/2022\/08\/17\/raverta-superviso-el-avance-de-la-obra-de-la-nueva-oficina-de-la-anses-en-boulogne\/embed\/#?secret=YOhHjjR9Ad#?secret=7Rj33oo72U\" data-secret=\"7Rj33oo72U\" width=\"600\" height=\"338\" frameborder=\"0\" marginwidth=\"0\" marginheight=\"0\" scrolling=\"no\"><\/iframe>\n<\/div><\/figure>\n\r\n","protected":false},"excerpt":{"rendered":"<p>El intendente de San Isidro, Gustavo Posse, visit\u00f3 la renovada Plaza del \u00c1guila, en Elcano al 1300, que cuenta como<\/p>\n","protected":false},"author":1,"featured_media":47233,"comment_status":"closed","ping_status":"closed","sticky":false,"template":"","format":"standard","meta":{"colormag_page_container_layout":"default_layout","colormag_page_sidebar_layout":"default_layout","footnotes":""},"categories":[17,1173,10],"tags":[5331,634,3080],"class_list":["post-47232","post","type-post","status-publish","format-standard","has-post-thumbnail","hentry","category-destacadas","category-municipales","category-sociedad","tag-gustavo-posse","tag-plaza","tag-san-isidro"],"_links":{"self":[{"href":"https:\/\/sectorprensa.com.ar\/index.php?rest_route=\/wp\/v2\/posts\/47232","targetHints":{"allow":["GET"]}}],"collection":[{"href":"https:\/\/sectorprensa.com.ar\/index.php?rest_route=\/wp\/v2\/posts"}],"about":[{"href":"https:\/\/sectorprensa.com.ar\/index.php?rest_route=\/wp\/v2\/types\/post"}],"author":[{"embeddable":true,"href":"https:\/\/sectorprensa.com.ar\/index.php?rest_route=\/wp\/v2\/users\/1"}],"replies":[{"embeddable":true,"href":"https:\/\/sectorprensa.com.ar\/index.php?rest_route=%2Fwp%2Fv2%2Fcomments&post=47232"}],"version-history":[{"count":2,"href":"https:\/\/sectorprensa.com.ar\/index.php?rest_route=\/wp\/v2\/posts\/47232\/revisions"}],"predecessor-version":[{"id":47235,"href":"https:\/\/sectorprensa.com.ar\/index.php?rest_route=\/wp\/v2\/posts\/47232\/revisions\/47235"}],"wp:featuredmedia":[{"embeddable":true,"href":"https:\/\/sectorprensa.com.ar\/index.php?rest_route=\/wp\/v2\/media\/47233"}],"wp:attachment":[{"href":"https:\/\/sectorprensa.com.ar\/index.php?rest_route=%2Fwp%2Fv2%2Fmedia&parent=47232"}],"wp:term":[{"taxonomy":"category","embeddable":true,"href":"https:\/\/sectorprensa.com.ar\/index.php?rest_route=%2Fwp%2Fv2%2Fcategories&post=47232"},{"taxonomy":"post_tag","embeddable":true,"href":"https:\/\/sectorprensa.com.ar\/index.php?rest_route=%2Fwp%2Fv2%2Ftags&post=47232"}],"curies":[{"name":"wp","href":"https:\/\/api.w.org\/{rel}","templated":true}]}}