{"id":47329,"date":"2022-08-28T09:30:00","date_gmt":"2022-08-28T09:30:00","guid":{"rendered":"https:\/\/sectorprensa.com.ar\/?p=47329"},"modified":"2022-08-28T05:16:18","modified_gmt":"2022-08-28T05:16:18","slug":"alberto-fernandez-repudio-el-accionar-de-la-policia-de-la-ciudad-en-recoleta","status":"publish","type":"post","link":"https:\/\/sectorprensa.com.ar\/?p=47329","title":{"rendered":"ALBERTO FERN\u00c1NDEZ REPUDI\u00d3 EL ACCIONAR DE LA POLIC\u00cdA DE LA CIUDAD EN RECOLETA"},"content":{"rendered":"\n<h6 class=\"wp-block-heading\"><strong>El Presidente se expres\u00f3 en sus redes sociales luego de la represi\u00f3n a quienes se manifestaban en favor de Cristina Fern\u00e1ndez de Kirchner. Adem\u00e1s, pidi\u00f3 cesar con el \u00abhostigamiento a la Vicepresidenta.<\/strong><\/h6>\n\n\n\n<p>El gobierno de la Ciudad de Buenos Aires tom\u00f3 la decisi\u00f3n de vallar las inmediaciones del domicilio de Cristina Fern\u00e1ndez de Kirchner, en Recoleta, y caus\u00f3 malestar en la militancia. Adem\u00e1s, los manifestantes fueron reprimidos por la polic\u00eda en medio de un operativo, por este motivo Alberto Fern\u00e1ndez utiliz\u00f3 sus redes sociales para expresarse.<\/p>\n\n\n\n<p>El Presidente afirm\u00f3 que el accionar de los efectivos no aport\u00f3 tranquilidad, sino que gener\u00f3 un clima \u00abinseguridad e intimidaci\u00f3n\u00bb.<\/p>\n\n\n\n<p>En su cuenta de Twitter, el Jefe de Estado repudi\u00f3 la \u00abviolencia institucional desatada\u00bb por los efectivos en medio de una manifestaci\u00f3n de militantes que \u00abse expresaban en libertad y democracia\u00bb. \u00abLas autoridades de la Ciudad de Buenos Aires y sus fuerzas de seguridad deben trabajar para cuidar la seguridad ciudadana evitando crear contextos de hostilidad ante masivas movilizaciones\u00bb, complet\u00f3.<\/p>\n\n\n\n<p>Luego, el mandatario solicit\u00f3 que \u00abcese el hostigamiento\u00bb contra la Vicepresidenta, las expresiones \u00abprovocativas\u00bb de la oposici\u00f3n, y tambi\u00e9n que el gobierno de Horacio Rodr\u00edguez Larreta garantice a los ciudadanos que puedan ejercer el derecho a \u00abla libre expresi\u00f3n y manifestaci\u00f3n\u00bb.<\/p>\n\n\n\n<figure class=\"wp-block-embed is-type-wp-embed is-provider-sector-prensa wp-block-embed-sector-prensa\"><div class=\"wp-block-embed__wrapper\">\n<blockquote class=\"wp-embedded-content\" data-secret=\"QDhyQWpaCQ\"><a href=\"https:\/\/sectorprensa.com.ar\/2022\/08\/24\/dirigentes-del-oficialismo-planean-una-gran-marcha-en-apoyo-a-cristina\/\">DIRIGENTES DEL OFICIALISMO PLANEAN UNA \u00abGRAN MARCHA\u00bb EN APOYO A CRISTINA<\/a><\/blockquote><iframe loading=\"lazy\" class=\"wp-embedded-content\" sandbox=\"allow-scripts\" security=\"restricted\" style=\"position: absolute; clip: rect(1px, 1px, 1px, 1px);\" title=\"\u00abDIRIGENTES DEL OFICIALISMO PLANEAN UNA \u00abGRAN MARCHA\u00bb EN APOYO A CRISTINA\u00bb \u2014 Sector Prensa\" src=\"https:\/\/sectorprensa.com.ar\/2022\/08\/24\/dirigentes-del-oficialismo-planean-una-gran-marcha-en-apoyo-a-cristina\/embed\/#?secret=mcBvGRtFfb#?secret=QDhyQWpaCQ\" data-secret=\"QDhyQWpaCQ\" width=\"600\" height=\"338\" frameborder=\"0\" marginwidth=\"0\" marginheight=\"0\" scrolling=\"no\"><\/iframe>\n<\/div><\/figure>\n\r\n","protected":false},"excerpt":{"rendered":"<p>El Presidente se expres\u00f3 en sus redes sociales luego de la represi\u00f3n a quienes se manifestaban en favor de Cristina<\/p>\n","protected":false},"author":1,"featured_media":47330,"comment_status":"closed","ping_status":"closed","sticky":false,"template":"","format":"standard","meta":{"colormag_page_container_layout":"default_layout","colormag_page_sidebar_layout":"default_layout","footnotes":""},"categories":[17,8],"tags":[3030,2951,2004],"class_list":["post-47329","post","type-post","status-publish","format-standard","has-post-thumbnail","hentry","category-destacadas","category-politica","tag-alberto-fernandez","tag-cristina-fernandez-de-kirchner","tag-policia-de-la-ciudad"],"_links":{"self":[{"href":"https:\/\/sectorprensa.com.ar\/index.php?rest_route=\/wp\/v2\/posts\/47329","targetHints":{"allow":["GET"]}}],"collection":[{"href":"https:\/\/sectorprensa.com.ar\/index.php?rest_route=\/wp\/v2\/posts"}],"about":[{"href":"https:\/\/sectorprensa.com.ar\/index.php?rest_route=\/wp\/v2\/types\/post"}],"author":[{"embeddable":true,"href":"https:\/\/sectorprensa.com.ar\/index.php?rest_route=\/wp\/v2\/users\/1"}],"replies":[{"embeddable":true,"href":"https:\/\/sectorprensa.com.ar\/index.php?rest_route=%2Fwp%2Fv2%2Fcomments&post=47329"}],"version-history":[{"count":2,"href":"https:\/\/sectorprensa.com.ar\/index.php?rest_route=\/wp\/v2\/posts\/47329\/revisions"}],"predecessor-version":[{"id":47332,"href":"https:\/\/sectorprensa.com.ar\/index.php?rest_route=\/wp\/v2\/posts\/47329\/revisions\/47332"}],"wp:featuredmedia":[{"embeddable":true,"href":"https:\/\/sectorprensa.com.ar\/index.php?rest_route=\/wp\/v2\/media\/47330"}],"wp:attachment":[{"href":"https:\/\/sectorprensa.com.ar\/index.php?rest_route=%2Fwp%2Fv2%2Fmedia&parent=47329"}],"wp:term":[{"taxonomy":"category","embeddable":true,"href":"https:\/\/sectorprensa.com.ar\/index.php?rest_route=%2Fwp%2Fv2%2Fcategories&post=47329"},{"taxonomy":"post_tag","embeddable":true,"href":"https:\/\/sectorprensa.com.ar\/index.php?rest_route=%2Fwp%2Fv2%2Ftags&post=47329"}],"curies":[{"name":"wp","href":"https:\/\/api.w.org\/{rel}","templated":true}]}}