{"id":47385,"date":"2022-08-31T07:15:00","date_gmt":"2022-08-31T07:15:00","guid":{"rendered":"https:\/\/sectorprensa.com.ar\/?p=47385"},"modified":"2022-08-30T15:32:10","modified_gmt":"2022-08-30T15:32:10","slug":"trenes-argentinos-abrio-en-once-el-primer-lactario-para-personas-usuarias-del-ferrocarril","status":"publish","type":"post","link":"https:\/\/sectorprensa.com.ar\/?p=47385","title":{"rendered":"TRENES ARGENTINOS ABRI\u00d3 EN ONCE EL PRIMER LACTARIO PARA PERSONAS USUARIAS DEL FERROCARRIL"},"content":{"rendered":"\n<h6 class=\"wp-block-heading\"><strong>Est\u00e1 ubicado en el ingreso al and\u00e9n de larga distancia de la terminal de la l\u00ednea Sarmiento y puede ser utilizado para la extracci\u00f3n de leche, organizar su guardado, amamantar y obtener informaci\u00f3n con puericultoras especializadas.<\/strong><\/h6>\n\n\n\n<p>El primer espacio de lactancia accesible para personas usuarias del transporte p\u00fablico fue inaugurado por Trenes Argentinos y ya funciona en la estaci\u00f3n de Once. El\u00a0 sitio se incorpora al programa Lactancia En Trenes que lleva adelante la empresa ferroviaria y que cuenta con cinco sectores similares destinados exclusivamente al personal.<\/p>\n\n\n\n<p>El lactario se encuentra ubicado en el ingreso al and\u00e9n de larga distancia de la terminal de la l\u00ednea Sarmiento y puede ser utilizado libremente para la extracci\u00f3n de leche, organizar su guardado, amamantar y obtener informaci\u00f3n con puericultoras especializadas.<\/p>\n\n\n\n<p>Junto al presidente de Trenes Argentinos,\u00a0Mart\u00edn\u00a0Marinucci; participaron del acto de apertura la directora de pol\u00edticas de g\u00e9neros y diversidad del ministerio de Transporte,\u00a0Jimena\u00a0Bondaruk; la coordinadora de pol\u00edticas de g\u00e9nero, Micaela Mor\u00e1n y la titular de AySA,\u00a0Malena\u00a0Galmarini.<\/p>\n\n\n\n<p>Marinucci,\u00a0destac\u00f3 que\u00a0\u201clo que estamos haciendo es ampliar los derechos de las personas que viajan en nuestros servicios; como nos pide el presidente de la Naci\u00f3n, Alberto Fern\u00e1ndez y el ministro, Alexis Guerrera\u201d.<\/p>\n\n\n\n<p><\/p>\n\n\n\n<figure class=\"wp-block-image size-full\"><img loading=\"lazy\" decoding=\"async\" width=\"696\" height=\"464\" src=\"https:\/\/sectorprensa.com.ar\/wp-content\/uploads\/2022\/08\/Lactario-Once-696x464-2.jpg\" alt=\"\" class=\"wp-image-47388\" srcset=\"https:\/\/sectorprensa.com.ar\/wp-content\/uploads\/2022\/08\/Lactario-Once-696x464-2.jpg 696w, https:\/\/sectorprensa.com.ar\/wp-content\/uploads\/2022\/08\/Lactario-Once-696x464-2-300x200.jpg 300w\" sizes=\"auto, (max-width: 696px) 100vw, 696px\" \/><\/figure>\n\n\n\n<p>Adem\u00e1s, estuvieron presentes la directora de Trenes Argentinos,\u00a0Sandra\u00a0Mayol; el gerente de la l\u00ednea Sarmiento\u00a0Roberto\u00a0Rocha; la coordinadora de la unidad de pol\u00edticas de g\u00e9neros y diversidad de la entidad ferroviaria,\u00a0Valeria\u00a0Fern\u00e1ndez\u00a0y\u00a0Egu\u00eda; y\u00a0Florencia\u00a0Esper\u00f3n, referente de g\u00e9neros y diversidad en Ferrocarriles Argentinos (FASE).<\/p>\n\n\n\n<p>Malena Galmarini,\u00a0resalt\u00f3 que\u00a0\u201cestos espacios permiten que las mujeres y las personas que gestan puedan alimentar, a sus hijos e hijas, en lugares cuidados, con seguridad y de manera higi\u00e9nica\u201d.<\/p>\n\n\n\n<figure class=\"wp-block-embed is-type-wp-embed is-provider-sector-prensa wp-block-embed-sector-prensa\"><div class=\"wp-block-embed__wrapper\">\n<blockquote class=\"wp-embedded-content\" data-secret=\"7mEnEUVwxD\"><a href=\"https:\/\/sectorprensa.com.ar\/2022\/08\/27\/trenes-argentinos-avanza-con-la-renovacion-de-vias-entre-lujan-y-mercedes\/\">TRENES ARGENTINOS AVANZA CON LA RENOVACI\u00d3N DE V\u00cdAS ENTRE LUJ\u00c1N Y MERCEDES<\/a><\/blockquote><iframe loading=\"lazy\" class=\"wp-embedded-content\" sandbox=\"allow-scripts\" security=\"restricted\" style=\"position: absolute; clip: rect(1px, 1px, 1px, 1px);\" title=\"\u00abTRENES ARGENTINOS AVANZA CON LA RENOVACI\u00d3N DE V\u00cdAS ENTRE LUJ\u00c1N Y MERCEDES\u00bb \u2014 Sector Prensa\" src=\"https:\/\/sectorprensa.com.ar\/2022\/08\/27\/trenes-argentinos-avanza-con-la-renovacion-de-vias-entre-lujan-y-mercedes\/embed\/#?secret=KCFlavVgkc#?secret=7mEnEUVwxD\" data-secret=\"7mEnEUVwxD\" width=\"600\" height=\"338\" frameborder=\"0\" marginwidth=\"0\" marginheight=\"0\" scrolling=\"no\"><\/iframe>\n<\/div><\/figure>\n\r\n","protected":false},"excerpt":{"rendered":"<p>Est\u00e1 ubicado en el ingreso al and\u00e9n de larga distancia de la terminal de la l\u00ednea Sarmiento y puede ser<\/p>\n","protected":false},"author":1,"featured_media":47386,"comment_status":"closed","ping_status":"closed","sticky":false,"template":"","format":"standard","meta":{"colormag_page_container_layout":"default_layout","colormag_page_sidebar_layout":"default_layout","footnotes":""},"categories":[17,10],"tags":[6857,6856,4146,6858,4110],"class_list":["post-47385","post","type-post","status-publish","format-standard","has-post-thumbnail","hentry","category-destacadas","category-sociedad","tag-estacion-once","tag-lactario","tag-malena-galmarini","tag-martin-marinucci-2","tag-trenes-argentinos"],"_links":{"self":[{"href":"https:\/\/sectorprensa.com.ar\/index.php?rest_route=\/wp\/v2\/posts\/47385","targetHints":{"allow":["GET"]}}],"collection":[{"href":"https:\/\/sectorprensa.com.ar\/index.php?rest_route=\/wp\/v2\/posts"}],"about":[{"href":"https:\/\/sectorprensa.com.ar\/index.php?rest_route=\/wp\/v2\/types\/post"}],"author":[{"embeddable":true,"href":"https:\/\/sectorprensa.com.ar\/index.php?rest_route=\/wp\/v2\/users\/1"}],"replies":[{"embeddable":true,"href":"https:\/\/sectorprensa.com.ar\/index.php?rest_route=%2Fwp%2Fv2%2Fcomments&post=47385"}],"version-history":[{"count":1,"href":"https:\/\/sectorprensa.com.ar\/index.php?rest_route=\/wp\/v2\/posts\/47385\/revisions"}],"predecessor-version":[{"id":47389,"href":"https:\/\/sectorprensa.com.ar\/index.php?rest_route=\/wp\/v2\/posts\/47385\/revisions\/47389"}],"wp:featuredmedia":[{"embeddable":true,"href":"https:\/\/sectorprensa.com.ar\/index.php?rest_route=\/wp\/v2\/media\/47386"}],"wp:attachment":[{"href":"https:\/\/sectorprensa.com.ar\/index.php?rest_route=%2Fwp%2Fv2%2Fmedia&parent=47385"}],"wp:term":[{"taxonomy":"category","embeddable":true,"href":"https:\/\/sectorprensa.com.ar\/index.php?rest_route=%2Fwp%2Fv2%2Fcategories&post=47385"},{"taxonomy":"post_tag","embeddable":true,"href":"https:\/\/sectorprensa.com.ar\/index.php?rest_route=%2Fwp%2Fv2%2Ftags&post=47385"}],"curies":[{"name":"wp","href":"https:\/\/api.w.org\/{rel}","templated":true}]}}