{"id":47802,"date":"2022-09-11T20:13:00","date_gmt":"2022-09-11T20:13:00","guid":{"rendered":"https:\/\/sectorprensa.com.ar\/?p=47802"},"modified":"2022-09-11T23:13:58","modified_gmt":"2022-09-11T23:13:58","slug":"de-cabeza-a-la-victoria","status":"publish","type":"post","link":"https:\/\/sectorprensa.com.ar\/?p=47802","title":{"rendered":"De cabeza a la victoria"},"content":{"rendered":"\n<h6 class=\"wp-block-heading\"><strong>Boca se impuso ante River por 1 a 0 y se qued\u00f3 con el Supercl\u00e1sico, en condici\u00f3n de local. El Xeneize cort\u00f3 una racha negativa en su casa ante el Millonario.<\/strong><\/h6>\n\n\n\n<p>Como en marzo, el Supercl\u00e1sico del f\u00fatbol argentino fue para Boca. El Xeneize derrot\u00f3 a River por 1-0 en la Bombonera, en el marco de la fecha 18 de la Liga Profesional, con gol de Dar\u00edo Benedetto de cabeza. El conjunto de la Ribera se prende en la pelea por el campeonato, y corta una racha de siete a\u00f1os sin ganarle al Millonario en su casa. El encuentro tuvo un expulsado sobre el final, Marcos Rojo.<\/p>\n\n\n\n<figure class=\"wp-block-embed is-type-video is-provider-youtube wp-block-embed-youtube wp-embed-aspect-16-9 wp-has-aspect-ratio\"><div class=\"wp-block-embed__wrapper\">\n<iframe loading=\"lazy\" title=\"\u00a1EL PIPA BENEDETTO BRILL\u00d3 Y EL XENEIZE SE QUED\u00d3 CON EL SUPERCL\u00c1SICO! | Boca 1-0 River | RESUMEN\" width=\"800\" height=\"450\" src=\"https:\/\/www.youtube.com\/embed\/xuuEnRdkdhA?feature=oembed\" frameborder=\"0\" allow=\"accelerometer; autoplay; clipboard-write; encrypted-media; gyroscope; picture-in-picture\" allowfullscreen><\/iframe>\n<\/div><\/figure>\n\r\n","protected":false},"excerpt":{"rendered":"<p>Boca se impuso ante River por 1 a 0 y se qued\u00f3 con el Supercl\u00e1sico, en condici\u00f3n de local. El<\/p>\n","protected":false},"author":1,"featured_media":47803,"comment_status":"closed","ping_status":"closed","sticky":false,"template":"","format":"standard","meta":{"colormag_page_container_layout":"default_layout","colormag_page_sidebar_layout":"default_layout","footnotes":""},"categories":[11,17],"tags":[123,6901,1466],"class_list":["post-47802","post","type-post","status-publish","format-standard","has-post-thumbnail","hentry","category-deportes","category-destacadas","tag-boca","tag-liga-profesional","tag-river"],"_links":{"self":[{"href":"https:\/\/sectorprensa.com.ar\/index.php?rest_route=\/wp\/v2\/posts\/47802","targetHints":{"allow":["GET"]}}],"collection":[{"href":"https:\/\/sectorprensa.com.ar\/index.php?rest_route=\/wp\/v2\/posts"}],"about":[{"href":"https:\/\/sectorprensa.com.ar\/index.php?rest_route=\/wp\/v2\/types\/post"}],"author":[{"embeddable":true,"href":"https:\/\/sectorprensa.com.ar\/index.php?rest_route=\/wp\/v2\/users\/1"}],"replies":[{"embeddable":true,"href":"https:\/\/sectorprensa.com.ar\/index.php?rest_route=%2Fwp%2Fv2%2Fcomments&post=47802"}],"version-history":[{"count":1,"href":"https:\/\/sectorprensa.com.ar\/index.php?rest_route=\/wp\/v2\/posts\/47802\/revisions"}],"predecessor-version":[{"id":47804,"href":"https:\/\/sectorprensa.com.ar\/index.php?rest_route=\/wp\/v2\/posts\/47802\/revisions\/47804"}],"wp:featuredmedia":[{"embeddable":true,"href":"https:\/\/sectorprensa.com.ar\/index.php?rest_route=\/wp\/v2\/media\/47803"}],"wp:attachment":[{"href":"https:\/\/sectorprensa.com.ar\/index.php?rest_route=%2Fwp%2Fv2%2Fmedia&parent=47802"}],"wp:term":[{"taxonomy":"category","embeddable":true,"href":"https:\/\/sectorprensa.com.ar\/index.php?rest_route=%2Fwp%2Fv2%2Fcategories&post=47802"},{"taxonomy":"post_tag","embeddable":true,"href":"https:\/\/sectorprensa.com.ar\/index.php?rest_route=%2Fwp%2Fv2%2Ftags&post=47802"}],"curies":[{"name":"wp","href":"https:\/\/api.w.org\/{rel}","templated":true}]}}