{"id":47809,"date":"2022-09-13T06:30:00","date_gmt":"2022-09-13T06:30:00","guid":{"rendered":"https:\/\/sectorprensa.com.ar\/?p=47809"},"modified":"2022-09-12T14:52:10","modified_gmt":"2022-09-12T14:52:10","slug":"merlo-se-realizaron-varios-operativos-de-seguridad","status":"publish","type":"post","link":"https:\/\/sectorprensa.com.ar\/?p=47809","title":{"rendered":"Merlo: se realizaron varios operativos de seguridad"},"content":{"rendered":"\n<h6 class=\"wp-block-heading\"><strong>Se desarrollaron importantes controles en la v\u00eda p\u00fablica, con pedido de documentaci\u00f3n para prevenir delitos y brindar m\u00e1s seguridad a los merlenses.<\/strong><\/h6>\n\n\n\n<p>Durante el viernes, s\u00e1bado y domingo tuvieron lugar nuevos operativos con un gran despliegue del Grupo de Prevenci\u00f3n Motorizada de la Secretar\u00eda de Delegaciones, el Programa de Protecci\u00f3n Ciudadana, la Comisaria 4ta de Libertad y personal de Tr\u00e1nsito y Ordenamiento Urbano, sobre Avenida de la Calle Real, a la altura del Parque de la Unidad Nacional, en la localidad de Libertad.<\/p>\n\n\n\n<p>Durante las jornadas, el personal solicit\u00f3 documentaci\u00f3n correspondiente a conductores de motos y autom\u00f3viles, corrobor\u00f3 el correcto uso de casco y cintur\u00f3n de seguridad, al tiempo que supervis\u00f3 el cumplimiento de normas de circulaci\u00f3n vial.&nbsp;Como resultado de este trabajo, se labraron actas por infracciones a quienes incumpl\u00edan las normas, se secuestraron veh\u00edculos y se brind\u00f3 informaci\u00f3n sobre medidas de seguridad a los conductores.<\/p>\n\n\n\n<p>En este marco, la\u00a0Subcomisaria, Noelia Duarte,\u00a0Jefa de la Comisaria de Libertad Merlo 4ta\u00a0se\u00f1al\u00f3 que\u00a0\u201ces un lugar muy concurrido, en la que vienen familias, y es beneficioso para ellos sentirse protegidos por el personal policial y el municipal\u201d.\u00a0Asimismo, desde la\u00a0Subsecretar\u00eda de Tr\u00e1nsito y Ordenamiento Urbano,\u00a0Cristian Folchi\u00a0explic\u00f3 los requisitos para poder manejar en la v\u00eda p\u00fablica y explic\u00f3 que\u00a0\u201csolicitamos la documentaci\u00f3n obligatoria para circular: registro de conducir, c\u00e9dula, seguro y la VTV al d\u00eda\u201d.<\/p>\n\n\n\n<p>Por su parte, el\u00a0Inspector de Tr\u00e1nsito, Enrique Becerra\u00a0destac\u00f3 que, \u201cla idea de la Intendenta Karina Men\u00e9ndez es desarticular con el trabajo en conjunto de las Secretar\u00edas a la gente que viene a hacer picadas\u201d .Se espera que los operativos contin\u00faen y de esta forma, continuar la labor para la prevenci\u00f3n de delitos y el refuerzo de la seguridad en Merlo.<\/p>\n\n\n\n<figure class=\"wp-block-embed is-type-wp-embed is-provider-sector-prensa wp-block-embed-sector-prensa\"><div class=\"wp-block-embed__wrapper\">\n<blockquote class=\"wp-embedded-content\" data-secret=\"vkycLdGVFP\"><a href=\"https:\/\/sectorprensa.com.ar\/2022\/09\/12\/el-hospital-de-pontevedra-recibio-la-donacion-de-un-ecografo\/\">El hospital de Pontevedra recibi\u00f3 la donaci\u00f3n de un ec\u00f3grafo<\/a><\/blockquote><iframe loading=\"lazy\" class=\"wp-embedded-content\" sandbox=\"allow-scripts\" security=\"restricted\" style=\"position: absolute; clip: rect(1px, 1px, 1px, 1px);\" title=\"\u00abEl hospital de Pontevedra recibi\u00f3 la donaci\u00f3n de un ec\u00f3grafo\u00bb \u2014 Sector Prensa\" src=\"https:\/\/sectorprensa.com.ar\/2022\/09\/12\/el-hospital-de-pontevedra-recibio-la-donacion-de-un-ecografo\/embed\/#?secret=WNpFhTdZcY#?secret=vkycLdGVFP\" data-secret=\"vkycLdGVFP\" width=\"600\" height=\"338\" frameborder=\"0\" marginwidth=\"0\" marginheight=\"0\" scrolling=\"no\"><\/iframe>\n<\/div><\/figure>\n\r\n","protected":false},"excerpt":{"rendered":"<p>Se desarrollaron importantes controles en la v\u00eda p\u00fablica, con pedido de documentaci\u00f3n para prevenir delitos y brindar m\u00e1s seguridad a<\/p>\n","protected":false},"author":1,"featured_media":47810,"comment_status":"closed","ping_status":"closed","sticky":false,"template":"","format":"standard","meta":{"colormag_page_container_layout":"default_layout","colormag_page_sidebar_layout":"default_layout","footnotes":""},"categories":[17,7,1173,10],"tags":[25,650,5874],"class_list":["post-47809","post","type-post","status-publish","format-standard","has-post-thumbnail","hentry","category-destacadas","category-merlo","category-municipales","category-sociedad","tag-merlo","tag-operativos","tag-parque-de-la-unidad-nacional"],"_links":{"self":[{"href":"https:\/\/sectorprensa.com.ar\/index.php?rest_route=\/wp\/v2\/posts\/47809","targetHints":{"allow":["GET"]}}],"collection":[{"href":"https:\/\/sectorprensa.com.ar\/index.php?rest_route=\/wp\/v2\/posts"}],"about":[{"href":"https:\/\/sectorprensa.com.ar\/index.php?rest_route=\/wp\/v2\/types\/post"}],"author":[{"embeddable":true,"href":"https:\/\/sectorprensa.com.ar\/index.php?rest_route=\/wp\/v2\/users\/1"}],"replies":[{"embeddable":true,"href":"https:\/\/sectorprensa.com.ar\/index.php?rest_route=%2Fwp%2Fv2%2Fcomments&post=47809"}],"version-history":[{"count":1,"href":"https:\/\/sectorprensa.com.ar\/index.php?rest_route=\/wp\/v2\/posts\/47809\/revisions"}],"predecessor-version":[{"id":47811,"href":"https:\/\/sectorprensa.com.ar\/index.php?rest_route=\/wp\/v2\/posts\/47809\/revisions\/47811"}],"wp:featuredmedia":[{"embeddable":true,"href":"https:\/\/sectorprensa.com.ar\/index.php?rest_route=\/wp\/v2\/media\/47810"}],"wp:attachment":[{"href":"https:\/\/sectorprensa.com.ar\/index.php?rest_route=%2Fwp%2Fv2%2Fmedia&parent=47809"}],"wp:term":[{"taxonomy":"category","embeddable":true,"href":"https:\/\/sectorprensa.com.ar\/index.php?rest_route=%2Fwp%2Fv2%2Fcategories&post=47809"},{"taxonomy":"post_tag","embeddable":true,"href":"https:\/\/sectorprensa.com.ar\/index.php?rest_route=%2Fwp%2Fv2%2Ftags&post=47809"}],"curies":[{"name":"wp","href":"https:\/\/api.w.org\/{rel}","templated":true}]}}