{"id":47882,"date":"2022-09-14T15:46:00","date_gmt":"2022-09-14T15:46:00","guid":{"rendered":"https:\/\/sectorprensa.com.ar\/?p=47882"},"modified":"2022-09-14T18:48:34","modified_gmt":"2022-09-14T18:48:34","slug":"merlo-curso-de-capacitacion-digital-para-emprendedores","status":"publish","type":"post","link":"https:\/\/sectorprensa.com.ar\/?p=47882","title":{"rendered":"Merlo: curso de capacitaci\u00f3n digital para emprendedores"},"content":{"rendered":"\n<h6 class=\"wp-block-heading\"><strong>La Subsecretar\u00eda de Ciencia, Innovaci\u00f3n Tecnol\u00f3gica y Cooperaci\u00f3n Internacional, dio inicio a las inscripciones del curso gratuito de Creaci\u00f3n de Contenidos para Redes Sociales.<\/strong><\/h6>\n\n\n\n<p>Los vecinos del Municipio de Merlo pueden comenzar a inscribirse en el curso gratuito de Creaci\u00f3n de Contenidos para Redes Sociales. Ser\u00e1 para emprendedores mayores de 18 a\u00f1os, con cupos limitados. El objetivo es que los alumnos aprendan a utilizar aplicaciones para sus emprendimientos.<\/p>\n\n\n\n<p>Con modalidad presencial, se brindar\u00e1n dos clases que ser\u00e1n los s\u00e1bados 17 y 24 de septiembre, de 10 a 12hs. Las personas inscriptas deben asistir a la sede la UNO, en Jujuy 55.<\/p>\n\n\n\n<p>Los requisitos para cursar son: tener domicilio en Merlo, ser mayor de 18 a\u00f1os, saber manejar PC &#8211; Entorno web, conocimiento en manejo de redes sociales como Instagram y Facebook (b\u00e1sico) y manejo b\u00e1sico de dispositivos m\u00f3viles.<\/p>\n\n\n\n<p class=\"has-text-align-center\"><strong>CONTENIDO<\/strong><\/p>\n\n\n\n<p>&#8211; Dise\u00f1o para Redes Sociales: Flyer \/ Post<\/p>\n\n\n\n<p><br>&#8211; \u00bfC\u00f3mo presentarme?<\/p>\n\n\n\n<p><br>&#8211; \u00bfQu\u00e9 y c\u00f3mo mostrarse en las redes?<\/p>\n\n\n\n<p><br>&#8211; \u00bfC\u00f3mo atraer p\u00fablico?<\/p>\n\n\n\n<p><br>&#8211; Trabajar sobre las tendencias vigentes: Reels \/ Historias<\/p>\n\n\n\n<p><br>&#8211; Uso de aplicaciones gratuitas para editar y generar contenido: InShot \/ CapCut, etc.<\/p>\n\n\n\n<p>Inscripci\u00f3n online: <strong><a href=\"https:\/\/bit.ly\/creacionmerlo\">https:\/\/bit.ly\/creacionmerlo<\/a><\/strong><\/p>\n\n\n\n<figure class=\"wp-block-embed is-type-wp-embed is-provider-sector-prensa wp-block-embed-sector-prensa\"><div class=\"wp-block-embed__wrapper\">\n<blockquote class=\"wp-embedded-content\" data-secret=\"u1pxFl7XOA\"><a href=\"https:\/\/sectorprensa.com.ar\/2022\/09\/13\/merlo-se-realizaron-varios-operativos-de-seguridad\/\">Merlo: se realizaron varios operativos de seguridad<\/a><\/blockquote><iframe loading=\"lazy\" class=\"wp-embedded-content\" sandbox=\"allow-scripts\" security=\"restricted\" style=\"position: absolute; clip: rect(1px, 1px, 1px, 1px);\" title=\"\u00abMerlo: se realizaron varios operativos de seguridad\u00bb \u2014 Sector Prensa\" src=\"https:\/\/sectorprensa.com.ar\/2022\/09\/13\/merlo-se-realizaron-varios-operativos-de-seguridad\/embed\/#?secret=DzwLl66kDa#?secret=u1pxFl7XOA\" data-secret=\"u1pxFl7XOA\" width=\"600\" height=\"338\" frameborder=\"0\" marginwidth=\"0\" marginheight=\"0\" scrolling=\"no\"><\/iframe>\n<\/div><\/figure>\n\r\n","protected":false},"excerpt":{"rendered":"<p>La Subsecretar\u00eda de Ciencia, Innovaci\u00f3n Tecnol\u00f3gica y Cooperaci\u00f3n Internacional, dio inicio a las inscripciones del curso gratuito de Creaci\u00f3n de<\/p>\n","protected":false},"author":1,"featured_media":47883,"comment_status":"closed","ping_status":"closed","sticky":false,"template":"","format":"standard","meta":{"colormag_page_container_layout":"default_layout","colormag_page_sidebar_layout":"default_layout","footnotes":""},"categories":[17,7,1173],"tags":[6916,25],"class_list":["post-47882","post","type-post","status-publish","format-standard","has-post-thumbnail","hentry","category-destacadas","category-merlo","category-municipales","tag-capacitacion-digital","tag-merlo"],"_links":{"self":[{"href":"https:\/\/sectorprensa.com.ar\/index.php?rest_route=\/wp\/v2\/posts\/47882","targetHints":{"allow":["GET"]}}],"collection":[{"href":"https:\/\/sectorprensa.com.ar\/index.php?rest_route=\/wp\/v2\/posts"}],"about":[{"href":"https:\/\/sectorprensa.com.ar\/index.php?rest_route=\/wp\/v2\/types\/post"}],"author":[{"embeddable":true,"href":"https:\/\/sectorprensa.com.ar\/index.php?rest_route=\/wp\/v2\/users\/1"}],"replies":[{"embeddable":true,"href":"https:\/\/sectorprensa.com.ar\/index.php?rest_route=%2Fwp%2Fv2%2Fcomments&post=47882"}],"version-history":[{"count":2,"href":"https:\/\/sectorprensa.com.ar\/index.php?rest_route=\/wp\/v2\/posts\/47882\/revisions"}],"predecessor-version":[{"id":47886,"href":"https:\/\/sectorprensa.com.ar\/index.php?rest_route=\/wp\/v2\/posts\/47882\/revisions\/47886"}],"wp:featuredmedia":[{"embeddable":true,"href":"https:\/\/sectorprensa.com.ar\/index.php?rest_route=\/wp\/v2\/media\/47883"}],"wp:attachment":[{"href":"https:\/\/sectorprensa.com.ar\/index.php?rest_route=%2Fwp%2Fv2%2Fmedia&parent=47882"}],"wp:term":[{"taxonomy":"category","embeddable":true,"href":"https:\/\/sectorprensa.com.ar\/index.php?rest_route=%2Fwp%2Fv2%2Fcategories&post=47882"},{"taxonomy":"post_tag","embeddable":true,"href":"https:\/\/sectorprensa.com.ar\/index.php?rest_route=%2Fwp%2Fv2%2Ftags&post=47882"}],"curies":[{"name":"wp","href":"https:\/\/api.w.org\/{rel}","templated":true}]}}