{"id":47952,"date":"2022-09-16T19:07:17","date_gmt":"2022-09-16T19:07:17","guid":{"rendered":"https:\/\/sectorprensa.com.ar\/?p=47952"},"modified":"2022-09-16T19:07:50","modified_gmt":"2022-09-16T19:07:50","slug":"hablo-el-padre-paco-olveira-como-vas-a-pedir-perdon-por-hacer-una-misa","status":"publish","type":"post","link":"https:\/\/sectorprensa.com.ar\/?p=47952","title":{"rendered":"Habl\u00f3 el Padre Paco Olveira: \u201c\u00bfC\u00f3mo vas a pedir perd\u00f3n por hacer una misa?\u201d"},"content":{"rendered":"\n<h6 class=\"wp-block-heading\"><strong>El miembro del Grupo de Curas en Opci\u00f3n Por Los Pobres se refiri\u00f3 al intento de magnicidio que sufri\u00f3 CFK y opin\u00f3 sobre las disculpas del arzobispo de Mercedes \u2013 Luj\u00e1n.<\/strong><\/h6>\n\n\n\n<p>Francisco Paco Olveira, miembro del Grupo de Curas en Opci\u00f3n Por los Pobres, a cargo de la Capilla Beato Enrique Angelelli y Compa\u00f1eros M\u00e1rtires Asentamiento Eva Per\u00f3n, Libertad, Merlo, habl\u00f3 en \u201cEl Tanke de B\u00fanker\u201d (lunes a viernes de 10 a 13 horas por FM B\u00fanker 94.9) sobre el ataque que sufri\u00f3 la vicepresidenta Cristina Fern\u00e1ndez de Kirchner, ocurrido el jueves 1 de septiembre.<\/p>\n\n\n\n<p>Olveira estuvo con la vicepresidenta en las \u00faltimas horas, con respecto a esto expres\u00f3 que \u201cla verdad fue muy emocionante, fue muy c\u00e1lido, hab\u00eda mucho cari\u00f1o de las dos partes. De hecho, ella mand\u00f3 un mensaje que hac\u00eda tiempo no se sent\u00eda tan abrazada, lo cual me llena de orgullo\u201d.<\/p>\n\n\n\n<p>\u201cL\u00f3gicamente la vimos conmocionada y estuvo a punto de quebrarse cuando ella dijo que Dios y la Virgen la protegi\u00f3, pero es muy fuerte\u201d, sigui\u00f3.<\/p>\n\n\n\n<p>\u201cElla organiz\u00f3 el encuentro, quer\u00eda que su primera aparici\u00f3n dando gracias por ese cuidado fuera desde el lado de los m\u00e1s pobres. Nosotros represent\u00e1bamos a los m\u00e1s pobres de nuestra patria\u201d, expres\u00f3 el Padre refiri\u00e9ndose a la reuni\u00f3n que tuvo Cristina con Curas villeros, Curas en Opci\u00f3n por los pobres y hermanas, religiosas y laicas.<\/p>\n\n\n\n<p>Al ser consultado por lo primero que se le pas\u00f3 por la cabeza al enterarse del ataque, Olveira dijo: \u201cLa noche anterior yo hab\u00eda estado en la puerta de su casa, en el mismo lugar donde un asesino en potencia levant\u00f3 el arma. As\u00ed que lo primero que hice fue darle gracias a Dios y que ,si eso hubiese sucedido, no s\u00e9 qu\u00e9 estuviera pasando ahora en nuestra Patria, sent\u00ed que era un tiro que nos pegaban a muchos, a muchos que pensamos de una determinada manera\u201d.<\/p>\n\n\n\n<p>A la pregunta si se hubiese originado una guerra civil si la bala sal\u00eda, expres\u00f3: \u201cNo s\u00e9 de d\u00f3nde \u00edbamos a sacar las armas. La vicepresidenta es la persona m\u00e1s amada y odiada de nuestra Patria, y claramente por lo menos no estar\u00edamos hablando tan tranquilamente en estos momentos\u201d.<\/p>\n\n\n\n<p>\u201cOjal\u00e1 esto (lo que le pas\u00f3 a CFK) nos ayudara a reflexionar, pero muchas esperanzas no tengo, pero si al menos acab\u00e1ramos un poco con los discursos de odio, alg\u00fan pasito dar\u00edamos\u201d, continu\u00f3 Olveira.<\/p>\n\n\n\n<p>Por \u00faltimo, se refiri\u00f3 a las disculpas del arzobispo de Mercedes \u2013 Luj\u00e1n, Monse\u00f1or Scheinig, por la confusi\u00f3n que gener\u00f3 la misa por Cristina: \u201c\u00bfC\u00f3mo vas a pedir perd\u00f3n por hacer una misa? En la misa se pide perd\u00f3n, pero no pedimos perd\u00f3n por hacer una misa. Con eso invalid\u00f3 todo lo que se hab\u00eda hecho\u201d, expres\u00f3.<\/p>\n\n\n\n<p>Y cerr\u00f3 fuertemente al ser consultado por si Scheinig ten\u00eda temor a quedar pegado cierto sector de la Iglesia con el peronismo: \u201cSi hubieran intentado asesinar a Macri, y piden una misa, se hubiese hecho una misa. Eso es por cag\u00f3n\u201d.<\/p>\n\n\n\n<figure class=\"wp-block-embed is-type-wp-embed is-provider-sector-prensa wp-block-embed-sector-prensa\"><div class=\"wp-block-embed__wrapper\">\n<blockquote class=\"wp-embedded-content\" data-secret=\"wocXO76TMa\"><a href=\"https:\/\/sectorprensa.com.ar\/2022\/09\/15\/ataque-a-cristina-detuvieron-a-otro-complice-y-le-allanaron-la-casa-en-moron\/\">Ataque a Cristina: detuvieron a otro c\u00f3mplice y le allanaron la casa en Mor\u00f3n<\/a><\/blockquote><iframe loading=\"lazy\" class=\"wp-embedded-content\" sandbox=\"allow-scripts\" security=\"restricted\" style=\"position: absolute; clip: rect(1px, 1px, 1px, 1px);\" title=\"\u00abAtaque a Cristina: detuvieron a otro c\u00f3mplice y le allanaron la casa en Mor\u00f3n\u00bb \u2014 Sector Prensa\" src=\"https:\/\/sectorprensa.com.ar\/2022\/09\/15\/ataque-a-cristina-detuvieron-a-otro-complice-y-le-allanaron-la-casa-en-moron\/embed\/#?secret=07l1kYWONB#?secret=wocXO76TMa\" data-secret=\"wocXO76TMa\" width=\"600\" height=\"338\" frameborder=\"0\" marginwidth=\"0\" marginheight=\"0\" scrolling=\"no\"><\/iframe>\n<\/div><\/figure>\n\r\n","protected":false},"excerpt":{"rendered":"<p>El miembro del Grupo de Curas en Opci\u00f3n Por Los Pobres se refiri\u00f3 al intento de magnicidio que sufri\u00f3 CFK<\/p>\n","protected":false},"author":1,"featured_media":47953,"comment_status":"closed","ping_status":"closed","sticky":false,"template":"","format":"standard","meta":{"colormag_page_container_layout":"default_layout","colormag_page_sidebar_layout":"default_layout","footnotes":""},"categories":[17,7,8,10],"tags":[6851,1242,5050,4868],"class_list":["post-47952","post","type-post","status-publish","format-standard","has-post-thumbnail","hentry","category-destacadas","category-merlo","category-politica","category-sociedad","tag-cristina-fernandez-de-kirchner-2","tag-misa","tag-paco-olveira","tag-padre-paco-olveira"],"_links":{"self":[{"href":"https:\/\/sectorprensa.com.ar\/index.php?rest_route=\/wp\/v2\/posts\/47952","targetHints":{"allow":["GET"]}}],"collection":[{"href":"https:\/\/sectorprensa.com.ar\/index.php?rest_route=\/wp\/v2\/posts"}],"about":[{"href":"https:\/\/sectorprensa.com.ar\/index.php?rest_route=\/wp\/v2\/types\/post"}],"author":[{"embeddable":true,"href":"https:\/\/sectorprensa.com.ar\/index.php?rest_route=\/wp\/v2\/users\/1"}],"replies":[{"embeddable":true,"href":"https:\/\/sectorprensa.com.ar\/index.php?rest_route=%2Fwp%2Fv2%2Fcomments&post=47952"}],"version-history":[{"count":1,"href":"https:\/\/sectorprensa.com.ar\/index.php?rest_route=\/wp\/v2\/posts\/47952\/revisions"}],"predecessor-version":[{"id":47954,"href":"https:\/\/sectorprensa.com.ar\/index.php?rest_route=\/wp\/v2\/posts\/47952\/revisions\/47954"}],"wp:featuredmedia":[{"embeddable":true,"href":"https:\/\/sectorprensa.com.ar\/index.php?rest_route=\/wp\/v2\/media\/47953"}],"wp:attachment":[{"href":"https:\/\/sectorprensa.com.ar\/index.php?rest_route=%2Fwp%2Fv2%2Fmedia&parent=47952"}],"wp:term":[{"taxonomy":"category","embeddable":true,"href":"https:\/\/sectorprensa.com.ar\/index.php?rest_route=%2Fwp%2Fv2%2Fcategories&post=47952"},{"taxonomy":"post_tag","embeddable":true,"href":"https:\/\/sectorprensa.com.ar\/index.php?rest_route=%2Fwp%2Fv2%2Ftags&post=47952"}],"curies":[{"name":"wp","href":"https:\/\/api.w.org\/{rel}","templated":true}]}}